{"id":6513,"date":"2021-12-16T15:17:11","date_gmt":"2021-12-16T14:17:11","guid":{"rendered":"https:\/\/www.lakptn.fr\/?p=6513"},"modified":"2022-10-17T17:01:22","modified_gmt":"2022-10-17T15:01:22","slug":"paralysie-cerebrale-et-therapies-intensives","status":"publish","type":"post","link":"https:\/\/www.lakptn.fr\/index.php\/2021\/12\/16\/paralysie-cerebrale-et-therapies-intensives\/","title":{"rendered":"Rapport de Conf\u00e9rence &#8211; Paralysie C\u00e9r\u00e9brale et Th\u00e9rapies intensives"},"content":{"rendered":"\t\t<div data-elementor-type=\"wp-post\" data-elementor-id=\"6513\" class=\"elementor elementor-6513\" data-elementor-post-type=\"post\">\n\t\t\t\t\t\t<section class=\"elementor-section elementor-top-section elementor-element elementor-element-2556d32 elementor-section-boxed elementor-section-height-default elementor-section-height-default\" data-id=\"2556d32\" data-element_type=\"section\" data-e-type=\"section\">\n\t\t\t\t\t\t<div class=\"elementor-container elementor-column-gap-default\">\n\t\t\t\t\t<div class=\"elementor-column elementor-col-50 elementor-top-column elementor-element elementor-element-3bfb7d22\" data-id=\"3bfb7d22\" data-element_type=\"column\" data-e-type=\"column\">\n\t\t\t<div class=\"elementor-widget-wrap elementor-element-populated\">\n\t\t\t\t\t\t<div class=\"elementor-element elementor-element-31879b45 elementor-widget elementor-widget-image\" data-id=\"31879b45\" data-element_type=\"widget\" data-e-type=\"widget\" data-widget_type=\"image.default\">\n\t\t\t\t<div class=\"elementor-widget-container\">\n\t\t\t\t\t\t\t\t\t\t\t\t\t\t\t<img fetchpriority=\"high\" decoding=\"async\" width=\"2262\" height=\"534\" src=\"https:\/\/i0.wp.com\/www.lakptn.fr\/wp-content\/uploads\/2018\/03\/Sans-titre-2.jpg?fit=2262%2C534&amp;ssl=1\" class=\"attachment-full size-full wp-image-80\" alt=\"L&apos;AKPTN\" srcset=\"https:\/\/i0.wp.com\/www.lakptn.fr\/wp-content\/uploads\/2018\/03\/Sans-titre-2.jpg?w=2262&amp;ssl=1 2262w, https:\/\/i0.wp.com\/www.lakptn.fr\/wp-content\/uploads\/2018\/03\/Sans-titre-2.jpg?resize=300%2C71&amp;ssl=1 300w, https:\/\/i0.wp.com\/www.lakptn.fr\/wp-content\/uploads\/2018\/03\/Sans-titre-2.jpg?resize=768%2C181&amp;ssl=1 768w, https:\/\/i0.wp.com\/www.lakptn.fr\/wp-content\/uploads\/2018\/03\/Sans-titre-2.jpg?resize=1024%2C242&amp;ssl=1 1024w, https:\/\/i0.wp.com\/www.lakptn.fr\/wp-content\/uploads\/2018\/03\/Sans-titre-2.jpg?w=1600&amp;ssl=1 1600w\" sizes=\"(max-width: 800px) 100vw, 800px\" \/>\t\t\t\t\t\t\t\t\t\t\t\t\t\t\t<\/div>\n\t\t\t\t<\/div>\n\t\t\t\t\t<\/div>\n\t\t<\/div>\n\t\t\t\t<div class=\"elementor-column elementor-col-50 elementor-top-column elementor-element elementor-element-79a6ed22\" data-id=\"79a6ed22\" data-element_type=\"column\" data-e-type=\"column\">\n\t\t\t<div class=\"elementor-widget-wrap elementor-element-populated\">\n\t\t\t\t\t\t<div class=\"elementor-element elementor-element-28b33f2b elementor-shape-circle e-grid-align-tablet-right elementor-grid-0 e-grid-align-center elementor-widget elementor-widget-social-icons\" data-id=\"28b33f2b\" data-element_type=\"widget\" data-e-type=\"widget\" data-widget_type=\"social-icons.default\">\n\t\t\t\t<div class=\"elementor-widget-container\">\n\t\t\t\t\t\t\t<div class=\"elementor-social-icons-wrapper elementor-grid\">\n\t\t\t\t\t\t\t<span class=\"elementor-grid-item\">\n\t\t\t\t\t<a class=\"elementor-icon elementor-social-icon elementor-social-icon-facebook-f elementor-repeater-item-oj9fk8m\" href=\"https:\/\/www.facebook.com\/lakptn\/\" target=\"_blank\">\n\t\t\t\t\t\t<span class=\"elementor-screen-only\">Facebook-f<\/span>\n\t\t\t\t\t\t<i aria-hidden=\"true\" class=\"fab fa-facebook-f\"><\/i>\t\t\t\t\t<\/a>\n\t\t\t\t<\/span>\n\t\t\t\t\t<\/div>\n\t\t\t\t\t\t<\/div>\n\t\t\t\t<\/div>\n\t\t\t\t<div class=\"elementor-element elementor-element-3c5d40ff elementor-widget elementor-widget-facebook-button\" data-id=\"3c5d40ff\" data-element_type=\"widget\" data-e-type=\"widget\" data-widget_type=\"facebook-button.default\">\n\t\t\t\t<div class=\"elementor-widget-container\">\n\t\t\t\t\t\t\t<div data-layout=\"box_count\" data-colorscheme=\"light\" data-size=\"large\" data-show-faces=\"false\" class=\"elementor-facebook-widget fb-like\" data-href=\"https:\/\/www.facebook.com\/lakptn\/\" data-share=\"true\" data-action=\"like\"><\/div>\n\t\t\t\t\t\t<\/div>\n\t\t\t\t<\/div>\n\t\t\t\t\t<\/div>\n\t\t<\/div>\n\t\t\t\t\t<\/div>\n\t\t<\/section>\n\t\t\t\t<section class=\"elementor-section elementor-top-section elementor-element elementor-element-767891e6 elementor-section-boxed elementor-section-height-default elementor-section-height-default\" data-id=\"767891e6\" data-element_type=\"section\" data-e-type=\"section\">\n\t\t\t\t\t\t<div class=\"elementor-container elementor-column-gap-default\">\n\t\t\t\t\t<div class=\"elementor-column elementor-col-100 elementor-top-column elementor-element elementor-element-fedd866\" data-id=\"fedd866\" data-element_type=\"column\" data-e-type=\"column\">\n\t\t\t<div class=\"elementor-widget-wrap elementor-element-populated\">\n\t\t\t\t\t\t<div class=\"elementor-element elementor-element-8a68bd9 elementor-nav-menu--dropdown-tablet elementor-nav-menu__text-align-aside elementor-nav-menu--toggle elementor-nav-menu--burger elementor-widget elementor-widget-nav-menu\" data-id=\"8a68bd9\" data-element_type=\"widget\" data-e-type=\"widget\" data-settings=\"{&quot;_animation&quot;:&quot;none&quot;,&quot;sticky&quot;:&quot;top&quot;,&quot;layout&quot;:&quot;horizontal&quot;,&quot;submenu_icon&quot;:{&quot;value&quot;:&quot;&lt;i class=\\&quot;fas fa-caret-down\\&quot; aria-hidden=\\&quot;true\\&quot;&gt;&lt;\\\/i&gt;&quot;,&quot;library&quot;:&quot;fa-solid&quot;},&quot;toggle&quot;:&quot;burger&quot;,&quot;sticky_on&quot;:[&quot;desktop&quot;,&quot;tablet&quot;,&quot;mobile&quot;],&quot;sticky_offset&quot;:0,&quot;sticky_effects_offset&quot;:0,&quot;sticky_anchor_link_offset&quot;:0}\" data-widget_type=\"nav-menu.default\">\n\t\t\t\t<div class=\"elementor-widget-container\">\n\t\t\t\t\t\t\t\t<nav aria-label=\"Menu\" class=\"elementor-nav-menu--main elementor-nav-menu__container elementor-nav-menu--layout-horizontal e--pointer-underline e--animation-fade\">\n\t\t\t\t<ul id=\"menu-1-8a68bd9\" class=\"elementor-nav-menu\"><li class=\"menu-item menu-item-type-custom menu-item-object-custom menu-item-has-children menu-item-4616\"><a href=\"#\" class=\"elementor-item elementor-item-anchor\">L&#8217;Association<span class=\"sub-arrow\"><i class=\"fas fa-caret-down\" aria-hidden=\"true\"><\/i><\/span><\/a>\n<ul class=\"sub-menu elementor-nav-menu--dropdown\">\n\t<li class=\"menu-item menu-item-type-post_type menu-item-object-post menu-item-4771\"><a href=\"https:\/\/www.lakptn.fr\/index.php\/2020\/02\/22\/qui-sommes-nous\/\" class=\"elementor-sub-item\">Qui sommes-nous ?<\/a><\/li>\n\t<li class=\"menu-item menu-item-type-post_type menu-item-object-post menu-item-4780\"><a href=\"https:\/\/www.lakptn.fr\/index.php\/2020\/02\/22\/le-conseil-dadministration\/\" class=\"elementor-sub-item\">Le Conseil d\u2019Administration<\/a><\/li>\n\t<li class=\"menu-item menu-item-type-post_type menu-item-object-post menu-item-4761\"><a href=\"https:\/\/www.lakptn.fr\/index.php\/2020\/02\/22\/partenaires\/\" class=\"elementor-sub-item\">Partenaires<\/a><\/li>\n\t<li class=\"menu-item menu-item-type-post_type menu-item-object-page menu-item-6345\"><a href=\"https:\/\/www.lakptn.fr\/index.php\/don\/\" class=\"elementor-sub-item\">Faire un Don<\/a><\/li>\n<\/ul>\n<\/li>\n<li class=\"menu-item menu-item-type-custom menu-item-object-custom menu-item-has-children menu-item-4617\"><a href=\"#\" class=\"elementor-item elementor-item-anchor\">Membres<span class=\"sub-arrow\"><i class=\"fas fa-caret-down\" aria-hidden=\"true\"><\/i><\/span><\/a>\n<ul class=\"sub-menu elementor-nav-menu--dropdown\">\n\t<li class=\"menu-item menu-item-type-post_type menu-item-object-page menu-item-8042\"><a href=\"https:\/\/www.lakptn.fr\/index.php\/membres\/inscription\/\" class=\"elementor-sub-item\">Inscription<\/a><\/li>\n\t<li class=\"menu-item menu-item-type-post_type menu-item-object-page menu-item-8043\"><a href=\"https:\/\/www.lakptn.fr\/index.php\/login\/\" class=\"elementor-sub-item\">Espace Adh\u00e9rent<\/a><\/li>\n<\/ul>\n<\/li>\n<li class=\"menu-item menu-item-type-custom menu-item-object-custom menu-item-has-children menu-item-4701\"><a href=\"#\" class=\"elementor-item elementor-item-anchor\">Le Coin des Familles<span class=\"sub-arrow\"><i class=\"fas fa-caret-down\" aria-hidden=\"true\"><\/i><\/span><\/a>\n<ul class=\"sub-menu elementor-nav-menu--dropdown\">\n\t<li class=\"menu-item menu-item-type-post_type menu-item-object-page menu-item-3724\"><a href=\"https:\/\/www.lakptn.fr\/index.php\/membres\/adherents\/\" class=\"elementor-sub-item\">Trouver un kin\u00e9sith\u00e9rapeute<\/a><\/li>\n\t<li class=\"menu-item menu-item-type-post_type menu-item-object-post menu-item-4704\"><a href=\"https:\/\/www.lakptn.fr\/index.php\/2020\/02\/21\/ressources\/\" class=\"elementor-sub-item\">Ressources &#8211; Livres et Sites<\/a><\/li>\n\t<li class=\"menu-item menu-item-type-post_type menu-item-object-post menu-item-3978\"><a href=\"https:\/\/www.lakptn.fr\/index.php\/2019\/11\/01\/la-kinesitherapie-pediatrique\/\" class=\"elementor-sub-item\">La Kin\u00e9sith\u00e9rapie P\u00e9diatrique<\/a><\/li>\n\t<li class=\"menu-item menu-item-type-post_type menu-item-object-post menu-item-3969\"><a href=\"https:\/\/www.lakptn.fr\/index.php\/2019\/11\/01\/devsensori\/\" class=\"elementor-sub-item\">Le D\u00e9veloppement Sensorimoteur<\/a><\/li>\n\t<li class=\"menu-item menu-item-type-post_type menu-item-object-post menu-item-5294\"><a href=\"https:\/\/www.lakptn.fr\/index.php\/2020\/03\/20\/lasymetrie-posturo-motrice-du-nourrisson\/\" class=\"elementor-sub-item\">L\u2019Asym\u00e9trie Posturo-Motrice du Nourrisson<\/a><\/li>\n\t<li class=\"menu-item menu-item-type-post_type menu-item-object-post menu-item-4967\"><a href=\"https:\/\/www.lakptn.fr\/index.php\/2020\/03\/19\/les-deformations-craniennes-du-nourrisson\/\" class=\"elementor-sub-item\">Les D\u00e9formations Craniennes du Nourrisson<\/a><\/li>\n\t<li class=\"menu-item menu-item-type-post_type menu-item-object-post menu-item-6018\"><a href=\"https:\/\/www.lakptn.fr\/index.php\/2021\/05\/20\/le-syndrome-de-kiss\/\" class=\"elementor-sub-item\">Le \u201cSyndrome\u201d de Kiss<\/a><\/li>\n\t<li class=\"menu-item menu-item-type-post_type menu-item-object-post menu-item-5120\"><a href=\"https:\/\/www.lakptn.fr\/index.php\/2020\/03\/31\/auto-reeducation-a-domicile\/\" class=\"elementor-sub-item\">Auto-R\u00e9\u00e9ducation \u00e0 Domicile<\/a><\/li>\n\t<li class=\"menu-item menu-item-type-post_type menu-item-object-post menu-item-5970\"><a href=\"https:\/\/www.lakptn.fr\/index.php\/2021\/04\/04\/jouets-deveil-et-jeux\/\" class=\"elementor-sub-item\">Jouets d\u2019\u00e9veil et jeux<\/a><\/li>\n<\/ul>\n<\/li>\n<li class=\"menu-item menu-item-type-custom menu-item-object-custom menu-item-has-children menu-item-4702\"><a href=\"#\" class=\"elementor-item elementor-item-anchor\">Infos Professionnels<span class=\"sub-arrow\"><i class=\"fas fa-caret-down\" aria-hidden=\"true\"><\/i><\/span><\/a>\n<ul class=\"sub-menu elementor-nav-menu--dropdown\">\n\t<li class=\"menu-item menu-item-type-post_type menu-item-object-post menu-item-4703\"><a href=\"https:\/\/www.lakptn.fr\/index.php\/2020\/02\/21\/organismes\/\" class=\"elementor-sub-item\">Organismes<\/a><\/li>\n\t<li class=\"menu-item menu-item-type-post_type menu-item-object-post menu-item-4717\"><a href=\"https:\/\/www.lakptn.fr\/index.php\/2020\/02\/22\/formations\/\" class=\"elementor-sub-item\">Formations<\/a><\/li>\n\t<li class=\"menu-item menu-item-type-post_type menu-item-object-post menu-item-4762\"><a href=\"https:\/\/www.lakptn.fr\/index.php\/2020\/02\/22\/offres-demplois\/\" class=\"elementor-sub-item\">Offres d\u2019Emplois<\/a><\/li>\n\t<li class=\"menu-item menu-item-type-post_type menu-item-object-page menu-item-5508\"><a href=\"https:\/\/www.lakptn.fr\/index.php\/brochures-dinformation\/\" class=\"elementor-sub-item\">Brochures d\u2019information<\/a><\/li>\n\t<li class=\"menu-item menu-item-type-post_type menu-item-object-post menu-item-5293\"><a href=\"https:\/\/www.lakptn.fr\/index.php\/2020\/04\/07\/asymetrie-posturomotrice-et-ebp\/\" class=\"elementor-sub-item\">Asym\u00e9trie Posturomotrice et EBP<\/a><\/li>\n\t<li class=\"menu-item menu-item-type-post_type menu-item-object-post menu-item-5344\"><a href=\"https:\/\/www.lakptn.fr\/index.php\/2020\/04\/10\/plagiocephalometrie-tutoriel-pas-a-pas\/\" class=\"elementor-sub-item\">Plagioc\u00e9phalom\u00e9trie \u2013 Tutoriel Pas \u00e0 Pas<\/a><\/li>\n\t<li class=\"menu-item menu-item-type-post_type menu-item-object-post menu-item-6490\"><a href=\"https:\/\/www.lakptn.fr\/index.php\/2021\/11\/27\/articles-pedro\/\" class=\"elementor-sub-item\">Articles PEDro P\u00e9diatrie<\/a><\/li>\n\t<li class=\"menu-item menu-item-type-post_type menu-item-object-page menu-item-6755\"><a href=\"https:\/\/www.lakptn.fr\/index.php\/cotations-et-contestations\/\" class=\"elementor-sub-item\">Cotations et Contestations<\/a><\/li>\n\t<li class=\"menu-item menu-item-type-custom menu-item-object-custom menu-item-has-children menu-item-4613\"><a href=\"#\" class=\"elementor-sub-item elementor-item-anchor\">Rapports de conf\u00e9rence<span class=\"sub-arrow\"><i class=\"fas fa-caret-down\" aria-hidden=\"true\"><\/i><\/span><\/a>\n\t<ul class=\"sub-menu elementor-nav-menu--dropdown\">\n\t\t<li class=\"menu-item menu-item-type-post_type menu-item-object-post menu-item-4738\"><a href=\"https:\/\/www.lakptn.fr\/index.php\/2020\/02\/22\/rapport-de-conference-plagiocephalie\/\" class=\"elementor-sub-item\">Plagioc\u00e9phalie<\/a><\/li>\n\t\t<li class=\"menu-item menu-item-type-post_type menu-item-object-post menu-item-5483\"><a href=\"https:\/\/www.lakptn.fr\/index.php\/2020\/04\/13\/rapport-de-conference-le-nez-en-kinesitherapie-akptn\/\" class=\"elementor-sub-item\">Irrigation Nasale et EBP<\/a><\/li>\n\t\t<li class=\"menu-item menu-item-type-post_type menu-item-object-post menu-item-5086\"><a href=\"https:\/\/www.lakptn.fr\/index.php\/2020\/03\/30\/rapport-de-conference-les-mouvements-generaux\/\" class=\"elementor-sub-item\">Les Mouvements G\u00e9n\u00e9raux<\/a><\/li>\n\t\t<li class=\"menu-item menu-item-type-post_type menu-item-object-post menu-item-6756\"><a href=\"https:\/\/www.lakptn.fr\/index.php\/2022\/04\/12\/initiation-a-la-recherche-documentaire-en-kinesitherapie\/\" class=\"elementor-sub-item\">Initiation \u00e0 la Recherche Documentaire en Kin\u00e9sith\u00e9rapie<\/a><\/li>\n\t\t<li class=\"menu-item menu-item-type-post_type menu-item-object-post menu-item-6552\"><a href=\"https:\/\/www.lakptn.fr\/index.php\/2021\/12\/16\/paralysie-cerebrale-et-therapies-intensives\/\" class=\"elementor-sub-item\">Paralysie C\u00e9r\u00e9brale et Th\u00e9rapies intensives<\/a><\/li>\n\t<\/ul>\n<\/li>\n<\/ul>\n<\/li>\n<li class=\"menu-item menu-item-type-custom menu-item-object-custom menu-item-has-children menu-item-4615\"><a href=\"#\" class=\"elementor-item elementor-item-anchor\">Ev\u00e8nements<span class=\"sub-arrow\"><i class=\"fas fa-caret-down\" aria-hidden=\"true\"><\/i><\/span><\/a>\n<ul class=\"sub-menu elementor-nav-menu--dropdown\">\n\t<li class=\"menu-item menu-item-type-post_type menu-item-object-page menu-item-6649\"><a href=\"https:\/\/www.lakptn.fr\/index.php\/soiree-echange-et-analyse-clinique\/\" class=\"elementor-sub-item\">Soir\u00e9e Echange et Analyse Clinique<\/a><\/li>\n\t<li class=\"menu-item menu-item-type-post_type menu-item-object-page menu-item-6307\"><a href=\"https:\/\/www.lakptn.fr\/index.php\/inscription-conference\/\" class=\"elementor-sub-item\">Inscription Conf\u00e9rence<\/a><\/li>\n\t<li class=\"menu-item menu-item-type-custom menu-item-object-custom menu-item-has-children menu-item-6088\"><a href=\"#\" class=\"elementor-sub-item elementor-item-anchor\">Prix du Meilleur M\u00e9moire<span class=\"sub-arrow\"><i class=\"fas fa-caret-down\" aria-hidden=\"true\"><\/i><\/span><\/a>\n\t<ul class=\"sub-menu elementor-nav-menu--dropdown\">\n\t\t<li class=\"menu-item menu-item-type-post_type menu-item-object-page menu-item-5781\"><a href=\"https:\/\/www.lakptn.fr\/index.php\/concours-memoire\/\" class=\"elementor-sub-item\">Pr\u00e9sentation et Informations<\/a><\/li>\n\t\t<li class=\"menu-item menu-item-type-post_type menu-item-object-page menu-item-6279\"><a href=\"https:\/\/www.lakptn.fr\/index.php\/1er-prix-synthese\/\" class=\"elementor-sub-item\">2021 \u2013 R\u00e9sultats et Synth\u00e8se<\/a><\/li>\n\t\t<li class=\"menu-item menu-item-type-post_type menu-item-object-post menu-item-7335\"><a href=\"https:\/\/www.lakptn.fr\/index.php\/2022\/07\/04\/2e-prix-synthese\/\" class=\"elementor-sub-item\">2022 &#8211; R\u00e9sultats et Synth\u00e8se<\/a><\/li>\n\t\t<li class=\"menu-item menu-item-type-post_type menu-item-object-post menu-item-7697\"><a href=\"https:\/\/www.lakptn.fr\/index.php\/2023\/07\/10\/3e-prix\/\" class=\"elementor-sub-item\">2023 &#8211; R\u00e9sultats et Synth\u00e8se<\/a><\/li>\n\t<\/ul>\n<\/li>\n\t<li class=\"menu-item menu-item-type-post_type menu-item-object-page menu-item-3731\"><a href=\"https:\/\/www.lakptn.fr\/index.php\/evenements\/programme\/\" class=\"elementor-sub-item\">Programme A venir<\/a><\/li>\n\t<li class=\"menu-item menu-item-type-post_type menu-item-object-page menu-item-4383\"><a href=\"https:\/\/www.lakptn.fr\/index.php\/evenements\/evenements-passes\/\" class=\"elementor-sub-item\">\u00c9v\u00e8nements pass\u00e9s<\/a><\/li>\n<\/ul>\n<\/li>\n<li class=\"menu-item menu-item-type-post_type menu-item-object-page menu-item-3732\"><a href=\"https:\/\/www.lakptn.fr\/index.php\/contact\/\" class=\"elementor-item\">Contact<\/a><\/li>\n<\/ul>\t\t\t<\/nav>\n\t\t\t\t\t<div class=\"elementor-menu-toggle\" role=\"button\" tabindex=\"0\" aria-label=\"Permuter le menu\" aria-expanded=\"false\">\n\t\t\t<i aria-hidden=\"true\" role=\"presentation\" class=\"elementor-menu-toggle__icon--open eicon-menu-bar\"><\/i><i aria-hidden=\"true\" role=\"presentation\" class=\"elementor-menu-toggle__icon--close eicon-close\"><\/i>\t\t<\/div>\n\t\t\t\t\t<nav class=\"elementor-nav-menu--dropdown elementor-nav-menu__container\" aria-hidden=\"true\">\n\t\t\t\t<ul id=\"menu-2-8a68bd9\" class=\"elementor-nav-menu\"><li class=\"menu-item menu-item-type-custom menu-item-object-custom menu-item-has-children menu-item-4616\"><a href=\"#\" class=\"elementor-item elementor-item-anchor\" tabindex=\"-1\">L&#8217;Association<span class=\"sub-arrow\"><i class=\"fas fa-caret-down\" aria-hidden=\"true\"><\/i><\/span><\/a>\n<ul class=\"sub-menu elementor-nav-menu--dropdown\">\n\t<li class=\"menu-item menu-item-type-post_type menu-item-object-post menu-item-4771\"><a href=\"https:\/\/www.lakptn.fr\/index.php\/2020\/02\/22\/qui-sommes-nous\/\" class=\"elementor-sub-item\" tabindex=\"-1\">Qui sommes-nous ?<\/a><\/li>\n\t<li class=\"menu-item menu-item-type-post_type menu-item-object-post menu-item-4780\"><a href=\"https:\/\/www.lakptn.fr\/index.php\/2020\/02\/22\/le-conseil-dadministration\/\" class=\"elementor-sub-item\" tabindex=\"-1\">Le Conseil d\u2019Administration<\/a><\/li>\n\t<li class=\"menu-item menu-item-type-post_type menu-item-object-post menu-item-4761\"><a href=\"https:\/\/www.lakptn.fr\/index.php\/2020\/02\/22\/partenaires\/\" class=\"elementor-sub-item\" tabindex=\"-1\">Partenaires<\/a><\/li>\n\t<li class=\"menu-item menu-item-type-post_type menu-item-object-page menu-item-6345\"><a href=\"https:\/\/www.lakptn.fr\/index.php\/don\/\" class=\"elementor-sub-item\" tabindex=\"-1\">Faire un Don<\/a><\/li>\n<\/ul>\n<\/li>\n<li class=\"menu-item menu-item-type-custom menu-item-object-custom menu-item-has-children menu-item-4617\"><a href=\"#\" class=\"elementor-item elementor-item-anchor\" tabindex=\"-1\">Membres<span class=\"sub-arrow\"><i class=\"fas fa-caret-down\" aria-hidden=\"true\"><\/i><\/span><\/a>\n<ul class=\"sub-menu elementor-nav-menu--dropdown\">\n\t<li class=\"menu-item menu-item-type-post_type menu-item-object-page menu-item-8042\"><a href=\"https:\/\/www.lakptn.fr\/index.php\/membres\/inscription\/\" class=\"elementor-sub-item\" tabindex=\"-1\">Inscription<\/a><\/li>\n\t<li class=\"menu-item menu-item-type-post_type menu-item-object-page menu-item-8043\"><a href=\"https:\/\/www.lakptn.fr\/index.php\/login\/\" class=\"elementor-sub-item\" tabindex=\"-1\">Espace Adh\u00e9rent<\/a><\/li>\n<\/ul>\n<\/li>\n<li class=\"menu-item menu-item-type-custom menu-item-object-custom menu-item-has-children menu-item-4701\"><a href=\"#\" class=\"elementor-item elementor-item-anchor\" tabindex=\"-1\">Le Coin des Familles<span class=\"sub-arrow\"><i class=\"fas fa-caret-down\" aria-hidden=\"true\"><\/i><\/span><\/a>\n<ul class=\"sub-menu elementor-nav-menu--dropdown\">\n\t<li class=\"menu-item menu-item-type-post_type menu-item-object-page menu-item-3724\"><a href=\"https:\/\/www.lakptn.fr\/index.php\/membres\/adherents\/\" class=\"elementor-sub-item\" tabindex=\"-1\">Trouver un kin\u00e9sith\u00e9rapeute<\/a><\/li>\n\t<li class=\"menu-item menu-item-type-post_type menu-item-object-post menu-item-4704\"><a href=\"https:\/\/www.lakptn.fr\/index.php\/2020\/02\/21\/ressources\/\" class=\"elementor-sub-item\" tabindex=\"-1\">Ressources &#8211; Livres et Sites<\/a><\/li>\n\t<li class=\"menu-item menu-item-type-post_type menu-item-object-post menu-item-3978\"><a href=\"https:\/\/www.lakptn.fr\/index.php\/2019\/11\/01\/la-kinesitherapie-pediatrique\/\" class=\"elementor-sub-item\" tabindex=\"-1\">La Kin\u00e9sith\u00e9rapie P\u00e9diatrique<\/a><\/li>\n\t<li class=\"menu-item menu-item-type-post_type menu-item-object-post menu-item-3969\"><a href=\"https:\/\/www.lakptn.fr\/index.php\/2019\/11\/01\/devsensori\/\" class=\"elementor-sub-item\" tabindex=\"-1\">Le D\u00e9veloppement Sensorimoteur<\/a><\/li>\n\t<li class=\"menu-item menu-item-type-post_type menu-item-object-post menu-item-5294\"><a href=\"https:\/\/www.lakptn.fr\/index.php\/2020\/03\/20\/lasymetrie-posturo-motrice-du-nourrisson\/\" class=\"elementor-sub-item\" tabindex=\"-1\">L\u2019Asym\u00e9trie Posturo-Motrice du Nourrisson<\/a><\/li>\n\t<li class=\"menu-item menu-item-type-post_type menu-item-object-post menu-item-4967\"><a href=\"https:\/\/www.lakptn.fr\/index.php\/2020\/03\/19\/les-deformations-craniennes-du-nourrisson\/\" class=\"elementor-sub-item\" tabindex=\"-1\">Les D\u00e9formations Craniennes du Nourrisson<\/a><\/li>\n\t<li class=\"menu-item menu-item-type-post_type menu-item-object-post menu-item-6018\"><a href=\"https:\/\/www.lakptn.fr\/index.php\/2021\/05\/20\/le-syndrome-de-kiss\/\" class=\"elementor-sub-item\" tabindex=\"-1\">Le \u201cSyndrome\u201d de Kiss<\/a><\/li>\n\t<li class=\"menu-item menu-item-type-post_type menu-item-object-post menu-item-5120\"><a href=\"https:\/\/www.lakptn.fr\/index.php\/2020\/03\/31\/auto-reeducation-a-domicile\/\" class=\"elementor-sub-item\" tabindex=\"-1\">Auto-R\u00e9\u00e9ducation \u00e0 Domicile<\/a><\/li>\n\t<li class=\"menu-item menu-item-type-post_type menu-item-object-post menu-item-5970\"><a href=\"https:\/\/www.lakptn.fr\/index.php\/2021\/04\/04\/jouets-deveil-et-jeux\/\" class=\"elementor-sub-item\" tabindex=\"-1\">Jouets d\u2019\u00e9veil et jeux<\/a><\/li>\n<\/ul>\n<\/li>\n<li class=\"menu-item menu-item-type-custom menu-item-object-custom menu-item-has-children menu-item-4702\"><a href=\"#\" class=\"elementor-item elementor-item-anchor\" tabindex=\"-1\">Infos Professionnels<span class=\"sub-arrow\"><i class=\"fas fa-caret-down\" aria-hidden=\"true\"><\/i><\/span><\/a>\n<ul class=\"sub-menu elementor-nav-menu--dropdown\">\n\t<li class=\"menu-item menu-item-type-post_type menu-item-object-post menu-item-4703\"><a href=\"https:\/\/www.lakptn.fr\/index.php\/2020\/02\/21\/organismes\/\" class=\"elementor-sub-item\" tabindex=\"-1\">Organismes<\/a><\/li>\n\t<li class=\"menu-item menu-item-type-post_type menu-item-object-post menu-item-4717\"><a href=\"https:\/\/www.lakptn.fr\/index.php\/2020\/02\/22\/formations\/\" class=\"elementor-sub-item\" tabindex=\"-1\">Formations<\/a><\/li>\n\t<li class=\"menu-item menu-item-type-post_type menu-item-object-post menu-item-4762\"><a href=\"https:\/\/www.lakptn.fr\/index.php\/2020\/02\/22\/offres-demplois\/\" class=\"elementor-sub-item\" tabindex=\"-1\">Offres d\u2019Emplois<\/a><\/li>\n\t<li class=\"menu-item menu-item-type-post_type menu-item-object-page menu-item-5508\"><a href=\"https:\/\/www.lakptn.fr\/index.php\/brochures-dinformation\/\" class=\"elementor-sub-item\" tabindex=\"-1\">Brochures d\u2019information<\/a><\/li>\n\t<li class=\"menu-item menu-item-type-post_type menu-item-object-post menu-item-5293\"><a href=\"https:\/\/www.lakptn.fr\/index.php\/2020\/04\/07\/asymetrie-posturomotrice-et-ebp\/\" class=\"elementor-sub-item\" tabindex=\"-1\">Asym\u00e9trie Posturomotrice et EBP<\/a><\/li>\n\t<li class=\"menu-item menu-item-type-post_type menu-item-object-post menu-item-5344\"><a href=\"https:\/\/www.lakptn.fr\/index.php\/2020\/04\/10\/plagiocephalometrie-tutoriel-pas-a-pas\/\" class=\"elementor-sub-item\" tabindex=\"-1\">Plagioc\u00e9phalom\u00e9trie \u2013 Tutoriel Pas \u00e0 Pas<\/a><\/li>\n\t<li class=\"menu-item menu-item-type-post_type menu-item-object-post menu-item-6490\"><a href=\"https:\/\/www.lakptn.fr\/index.php\/2021\/11\/27\/articles-pedro\/\" class=\"elementor-sub-item\" tabindex=\"-1\">Articles PEDro P\u00e9diatrie<\/a><\/li>\n\t<li class=\"menu-item menu-item-type-post_type menu-item-object-page menu-item-6755\"><a href=\"https:\/\/www.lakptn.fr\/index.php\/cotations-et-contestations\/\" class=\"elementor-sub-item\" tabindex=\"-1\">Cotations et Contestations<\/a><\/li>\n\t<li class=\"menu-item menu-item-type-custom menu-item-object-custom menu-item-has-children menu-item-4613\"><a href=\"#\" class=\"elementor-sub-item elementor-item-anchor\" tabindex=\"-1\">Rapports de conf\u00e9rence<span class=\"sub-arrow\"><i class=\"fas fa-caret-down\" aria-hidden=\"true\"><\/i><\/span><\/a>\n\t<ul class=\"sub-menu elementor-nav-menu--dropdown\">\n\t\t<li class=\"menu-item menu-item-type-post_type menu-item-object-post menu-item-4738\"><a href=\"https:\/\/www.lakptn.fr\/index.php\/2020\/02\/22\/rapport-de-conference-plagiocephalie\/\" class=\"elementor-sub-item\" tabindex=\"-1\">Plagioc\u00e9phalie<\/a><\/li>\n\t\t<li class=\"menu-item menu-item-type-post_type menu-item-object-post menu-item-5483\"><a href=\"https:\/\/www.lakptn.fr\/index.php\/2020\/04\/13\/rapport-de-conference-le-nez-en-kinesitherapie-akptn\/\" class=\"elementor-sub-item\" tabindex=\"-1\">Irrigation Nasale et EBP<\/a><\/li>\n\t\t<li class=\"menu-item menu-item-type-post_type menu-item-object-post menu-item-5086\"><a href=\"https:\/\/www.lakptn.fr\/index.php\/2020\/03\/30\/rapport-de-conference-les-mouvements-generaux\/\" class=\"elementor-sub-item\" tabindex=\"-1\">Les Mouvements G\u00e9n\u00e9raux<\/a><\/li>\n\t\t<li class=\"menu-item menu-item-type-post_type menu-item-object-post menu-item-6756\"><a href=\"https:\/\/www.lakptn.fr\/index.php\/2022\/04\/12\/initiation-a-la-recherche-documentaire-en-kinesitherapie\/\" class=\"elementor-sub-item\" tabindex=\"-1\">Initiation \u00e0 la Recherche Documentaire en Kin\u00e9sith\u00e9rapie<\/a><\/li>\n\t\t<li class=\"menu-item menu-item-type-post_type menu-item-object-post menu-item-6552\"><a href=\"https:\/\/www.lakptn.fr\/index.php\/2021\/12\/16\/paralysie-cerebrale-et-therapies-intensives\/\" class=\"elementor-sub-item\" tabindex=\"-1\">Paralysie C\u00e9r\u00e9brale et Th\u00e9rapies intensives<\/a><\/li>\n\t<\/ul>\n<\/li>\n<\/ul>\n<\/li>\n<li class=\"menu-item menu-item-type-custom menu-item-object-custom menu-item-has-children menu-item-4615\"><a href=\"#\" class=\"elementor-item elementor-item-anchor\" tabindex=\"-1\">Ev\u00e8nements<span class=\"sub-arrow\"><i class=\"fas fa-caret-down\" aria-hidden=\"true\"><\/i><\/span><\/a>\n<ul class=\"sub-menu elementor-nav-menu--dropdown\">\n\t<li class=\"menu-item menu-item-type-post_type menu-item-object-page menu-item-6649\"><a href=\"https:\/\/www.lakptn.fr\/index.php\/soiree-echange-et-analyse-clinique\/\" class=\"elementor-sub-item\" tabindex=\"-1\">Soir\u00e9e Echange et Analyse Clinique<\/a><\/li>\n\t<li class=\"menu-item menu-item-type-post_type menu-item-object-page menu-item-6307\"><a href=\"https:\/\/www.lakptn.fr\/index.php\/inscription-conference\/\" class=\"elementor-sub-item\" tabindex=\"-1\">Inscription Conf\u00e9rence<\/a><\/li>\n\t<li class=\"menu-item menu-item-type-custom menu-item-object-custom menu-item-has-children menu-item-6088\"><a href=\"#\" class=\"elementor-sub-item elementor-item-anchor\" tabindex=\"-1\">Prix du Meilleur M\u00e9moire<span class=\"sub-arrow\"><i class=\"fas fa-caret-down\" aria-hidden=\"true\"><\/i><\/span><\/a>\n\t<ul class=\"sub-menu elementor-nav-menu--dropdown\">\n\t\t<li class=\"menu-item menu-item-type-post_type menu-item-object-page menu-item-5781\"><a href=\"https:\/\/www.lakptn.fr\/index.php\/concours-memoire\/\" class=\"elementor-sub-item\" tabindex=\"-1\">Pr\u00e9sentation et Informations<\/a><\/li>\n\t\t<li class=\"menu-item menu-item-type-post_type menu-item-object-page menu-item-6279\"><a href=\"https:\/\/www.lakptn.fr\/index.php\/1er-prix-synthese\/\" class=\"elementor-sub-item\" tabindex=\"-1\">2021 \u2013 R\u00e9sultats et Synth\u00e8se<\/a><\/li>\n\t\t<li class=\"menu-item menu-item-type-post_type menu-item-object-post menu-item-7335\"><a href=\"https:\/\/www.lakptn.fr\/index.php\/2022\/07\/04\/2e-prix-synthese\/\" class=\"elementor-sub-item\" tabindex=\"-1\">2022 &#8211; R\u00e9sultats et Synth\u00e8se<\/a><\/li>\n\t\t<li class=\"menu-item menu-item-type-post_type menu-item-object-post menu-item-7697\"><a href=\"https:\/\/www.lakptn.fr\/index.php\/2023\/07\/10\/3e-prix\/\" class=\"elementor-sub-item\" tabindex=\"-1\">2023 &#8211; R\u00e9sultats et Synth\u00e8se<\/a><\/li>\n\t<\/ul>\n<\/li>\n\t<li class=\"menu-item menu-item-type-post_type menu-item-object-page menu-item-3731\"><a href=\"https:\/\/www.lakptn.fr\/index.php\/evenements\/programme\/\" class=\"elementor-sub-item\" tabindex=\"-1\">Programme A venir<\/a><\/li>\n\t<li class=\"menu-item menu-item-type-post_type menu-item-object-page menu-item-4383\"><a href=\"https:\/\/www.lakptn.fr\/index.php\/evenements\/evenements-passes\/\" class=\"elementor-sub-item\" tabindex=\"-1\">\u00c9v\u00e8nements pass\u00e9s<\/a><\/li>\n<\/ul>\n<\/li>\n<li class=\"menu-item menu-item-type-post_type menu-item-object-page menu-item-3732\"><a href=\"https:\/\/www.lakptn.fr\/index.php\/contact\/\" class=\"elementor-item\" tabindex=\"-1\">Contact<\/a><\/li>\n<\/ul>\t\t\t<\/nav>\n\t\t\t\t\t\t<\/div>\n\t\t\t\t<\/div>\n\t\t\t\t\t<\/div>\n\t\t<\/div>\n\t\t\t\t\t<\/div>\n\t\t<\/section>\n\t\t\t\t<section class=\"elementor-section elementor-top-section elementor-element elementor-element-e082933 elementor-section-boxed elementor-section-height-default elementor-section-height-default\" data-id=\"e082933\" data-element_type=\"section\" data-e-type=\"section\">\n\t\t\t\t\t\t<div class=\"elementor-container elementor-column-gap-default\">\n\t\t\t\t\t<div class=\"elementor-column elementor-col-100 elementor-top-column elementor-element elementor-element-889ee02\" data-id=\"889ee02\" data-element_type=\"column\" data-e-type=\"column\">\n\t\t\t<div class=\"elementor-widget-wrap elementor-element-populated\">\n\t\t\t\t\t\t<div class=\"elementor-element elementor-element-f0d46d3 elementor-widget elementor-widget-heading\" data-id=\"f0d46d3\" data-element_type=\"widget\" data-e-type=\"widget\" data-widget_type=\"heading.default\">\n\t\t\t\t<div class=\"elementor-widget-container\">\n\t\t\t\t\t<h1 class=\"elementor-heading-title elementor-size-default\">Paralysie C\u00e9r\u00e9brale et Th\u00e9rapies intensives<\/h1>\t\t\t\t<\/div>\n\t\t\t\t<\/div>\n\t\t\t\t<div class=\"elementor-element elementor-element-b794646 elementor-widget elementor-widget-heading\" data-id=\"b794646\" data-element_type=\"widget\" data-e-type=\"widget\" data-widget_type=\"heading.default\">\n\t\t\t\t<div class=\"elementor-widget-container\">\n\t\t\t\t\t<h1 class=\"elementor-heading-title elementor-size-large\">Enjeux des nouvelles approches r\u00e9\u00e9ducatives<\/h1>\t\t\t\t<\/div>\n\t\t\t\t<\/div>\n\t\t\t\t\t<\/div>\n\t\t<\/div>\n\t\t\t\t\t<\/div>\n\t\t<\/section>\n\t\t\t\t<section class=\"elementor-section elementor-top-section elementor-element elementor-element-264f4f2f elementor-section-boxed elementor-section-height-default elementor-section-height-default\" data-id=\"264f4f2f\" data-element_type=\"section\" data-e-type=\"section\">\n\t\t\t\t\t\t<div class=\"elementor-container elementor-column-gap-default\">\n\t\t\t\t\t<div class=\"elementor-column elementor-col-50 elementor-top-column elementor-element elementor-element-2f91d56d\" data-id=\"2f91d56d\" data-element_type=\"column\" data-e-type=\"column\">\n\t\t\t<div class=\"elementor-widget-wrap elementor-element-populated\">\n\t\t\t\t\t\t<div class=\"elementor-element elementor-element-1063d3e6 elementor-widget elementor-widget-spacer\" data-id=\"1063d3e6\" data-element_type=\"widget\" data-e-type=\"widget\" data-widget_type=\"spacer.default\">\n\t\t\t\t<div class=\"elementor-widget-container\">\n\t\t\t\t\t\t\t<div class=\"elementor-spacer\">\n\t\t\t<div class=\"elementor-spacer-inner\"><\/div>\n\t\t<\/div>\n\t\t\t\t\t\t<\/div>\n\t\t\t\t<\/div>\n\t\t\t\t<div class=\"elementor-element elementor-element-7d1babf elementor-author-box--name-yes elementor-author-box--biography-yes elementor-widget elementor-widget-author-box\" data-id=\"7d1babf\" data-element_type=\"widget\" data-e-type=\"widget\" data-widget_type=\"author-box.default\">\n\t\t\t\t<div class=\"elementor-widget-container\">\n\t\t\t\t\t\t\t<div class=\"elementor-author-box\">\n\t\t\t\n\t\t\t<div class=\"elementor-author-box__text\">\n\t\t\t\t\t\t\t\t\t<a href=\"https:\/\/www.lakptn.fr\/index.php\/author\/guillaumecollet\/\">\n\t\t\t\t\t\t<h1 class=\"elementor-author-box__name\">\n\t\t\t\t\t\t\tGuillaume COLLET\t\t\t\t\t\t<\/h1>\n\t\t\t\t\t<\/a>\n\t\t\t\t\n\t\t\t\t\t\t\t\t\t<div class=\"elementor-author-box__bio\">\n\t\t\t\t\t\tKin\u00e9sith\u00e9rapeute P\u00e9diatrique D.E. - Rouen\t\t\t\t\t<\/div>\n\t\t\t\t\n\t\t\t\t\t\t\t<\/div>\n\t\t<\/div>\n\t\t\t\t\t\t<\/div>\n\t\t\t\t<\/div>\n\t\t\t\t<div class=\"elementor-element elementor-element-99dfe56 elementor-widget elementor-widget-post-info\" data-id=\"99dfe56\" data-element_type=\"widget\" data-e-type=\"widget\" data-widget_type=\"post-info.default\">\n\t\t\t\t<div class=\"elementor-widget-container\">\n\t\t\t\t\t\t\t<ul class=\"elementor-inline-items elementor-icon-list-items elementor-post-info\">\n\t\t\t\t\t\t\t\t<li class=\"elementor-icon-list-item elementor-repeater-item-3650a29 elementor-inline-item\" itemprop=\"datePublished\">\n\t\t\t\t\t\t<a href=\"https:\/\/www.lakptn.fr\/index.php\/2021\/12\/16\/\">\n\t\t\t\t\t\t\t\t\t\t\t<span class=\"elementor-icon-list-icon\">\n\t\t\t\t\t\t\t\t<i aria-hidden=\"true\" class=\"fas fa-calendar\"><\/i>\t\t\t\t\t\t\t<\/span>\n\t\t\t\t\t\t\t\t\t<span class=\"elementor-icon-list-text elementor-post-info__item elementor-post-info__item--type-date\">\n\t\t\t\t\t\t\t\t\t\t<time>16 d\u00e9cembre 2021<\/time>\t\t\t\t\t<\/span>\n\t\t\t\t\t\t\t\t\t<\/a>\n\t\t\t\t<\/li>\n\t\t\t\t<li class=\"elementor-icon-list-item elementor-repeater-item-5755669 elementor-inline-item\">\n\t\t\t\t\t\t\t\t\t\t<span class=\"elementor-icon-list-icon\">\n\t\t\t\t\t\t\t\t<i aria-hidden=\"true\" class=\"far fa-clock\"><\/i>\t\t\t\t\t\t\t<\/span>\n\t\t\t\t\t\t\t\t\t<span class=\"elementor-icon-list-text elementor-post-info__item elementor-post-info__item--type-time\">\n\t\t\t\t\t\t\t\t\t\t<time>15:17<\/time>\t\t\t\t\t<\/span>\n\t\t\t\t\t\t\t\t<\/li>\n\t\t\t\t<li class=\"elementor-icon-list-item elementor-repeater-item-155fbee elementor-inline-item\" itemprop=\"commentCount\">\n\t\t\t\t\t\t<a href=\"https:\/\/www.lakptn.fr\/index.php\/2021\/12\/16\/paralysie-cerebrale-et-therapies-intensives\/#respond\">\n\t\t\t\t\t\t\t\t\t\t\t<span class=\"elementor-icon-list-icon\">\n\t\t\t\t\t\t\t\t<i aria-hidden=\"true\" class=\"far fa-comment-dots\"><\/i>\t\t\t\t\t\t\t<\/span>\n\t\t\t\t\t\t\t\t\t<span class=\"elementor-icon-list-text elementor-post-info__item elementor-post-info__item--type-comments\">\n\t\t\t\t\t\t\t\t\t\tLaissez le premier commentaire !\t\t\t\t\t<\/span>\n\t\t\t\t\t\t\t\t\t<\/a>\n\t\t\t\t<\/li>\n\t\t\t\t<\/ul>\n\t\t\t\t\t\t<\/div>\n\t\t\t\t<\/div>\n\t\t\t\t\t<\/div>\n\t\t<\/div>\n\t\t\t\t<div class=\"elementor-column elementor-col-50 elementor-top-column elementor-element elementor-element-3239e17\" data-id=\"3239e17\" data-element_type=\"column\" data-e-type=\"column\">\n\t\t\t<div class=\"elementor-widget-wrap elementor-element-populated\">\n\t\t\t\t\t\t<div class=\"elementor-element elementor-element-0a2d967 elementor-widget elementor-widget-text-editor\" data-id=\"0a2d967\" data-element_type=\"widget\" data-e-type=\"widget\" data-widget_type=\"text-editor.default\">\n\t\t\t\t<div class=\"elementor-widget-container\">\n\t\t\t\t\t\t\t\t\t<p><div class=\"sharethis-inline-share-buttons\" ><\/div><\/p>\t\t\t\t\t\t\t\t<\/div>\n\t\t\t\t<\/div>\n\t\t\t\t\t<\/div>\n\t\t<\/div>\n\t\t\t\t\t<\/div>\n\t\t<\/section>\n\t\t\t\t<section class=\"elementor-section elementor-top-section elementor-element elementor-element-3b531c8 elementor-section-boxed elementor-section-height-default elementor-section-height-default\" data-id=\"3b531c8\" data-element_type=\"section\" data-e-type=\"section\">\n\t\t\t\t\t\t<div class=\"elementor-container elementor-column-gap-default\">\n\t\t\t\t\t<div class=\"elementor-column elementor-col-50 elementor-top-column elementor-element elementor-element-448c205\" data-id=\"448c205\" data-element_type=\"column\" data-e-type=\"column\">\n\t\t\t<div class=\"elementor-widget-wrap elementor-element-populated\">\n\t\t\t\t\t\t<div class=\"elementor-element elementor-element-f233a86 elementor-widget elementor-widget-heading\" data-id=\"f233a86\" data-element_type=\"widget\" data-e-type=\"widget\" data-widget_type=\"heading.default\">\n\t\t\t\t<div class=\"elementor-widget-container\">\n\t\t\t\t\t<h2 class=\"elementor-heading-title elementor-size-default\">Pr\u00e9ambule<\/h2>\t\t\t\t<\/div>\n\t\t\t\t<\/div>\n\t\t\t\t<div class=\"elementor-element elementor-element-c876c58 elementor-widget elementor-widget-text-editor\" data-id=\"c876c58\" data-element_type=\"widget\" data-e-type=\"widget\" data-widget_type=\"text-editor.default\">\n\t\t\t\t<div class=\"elementor-widget-container\">\n\t\t\t\t\t\t\t\t\t<p>Cette conf\u00e9rence a eu lieu le mercredi 15 d\u00e9cembre 2021, anim\u00e9e par Ga\u00ebl EVANNO, kin\u00e9sith\u00e9rapeute p\u00e9diatrique \u00e0 Caen et directeur adjoint du RSVA Normand.<\/p><p>Nous vous proposons ici le replay ainsi qu&#8217;une synth\u00e8se \u00e9crite.<\/p><p><i>Toute diffusion ou reproduction de cette pr\u00e9sentation ou de la synth\u00e8se est soumise \u00e0 l&#8217;accord pr\u00e9alable de son auteur.<\/i><\/p>\t\t\t\t\t\t\t\t<\/div>\n\t\t\t\t<\/div>\n\t\t\t\t<div class=\"elementor-element elementor-element-09d75ac elementor-widget elementor-widget-video\" data-id=\"09d75ac\" data-element_type=\"widget\" data-e-type=\"widget\" data-settings=\"{&quot;video_type&quot;:&quot;hosted&quot;,&quot;controls&quot;:&quot;yes&quot;}\" data-widget_type=\"video.default\">\n\t\t\t\t<div class=\"elementor-widget-container\">\n\t\t\t\t\t\t\t<div class=\"e-hosted-video elementor-wrapper elementor-open-inline\">\n\t\t\t\t\t<video class=\"elementor-video\" src=\"https:\/\/www.lakptn.fr\/wp-content\/uploads\/2021\/12\/PC-et-Therapies-intensives.mp4\" controls=\"\" preload=\"metadata\" controlsList=\"nodownload\"><\/video>\n\t\t\t\t<\/div>\n\t\t\t\t\t\t<\/div>\n\t\t\t\t<\/div>\n\t\t\t\t<div class=\"elementor-element elementor-element-f65f579 elementor-widget elementor-widget-heading\" data-id=\"f65f579\" data-element_type=\"widget\" data-e-type=\"widget\" data-widget_type=\"heading.default\">\n\t\t\t\t<div class=\"elementor-widget-container\">\n\t\t\t\t\t<h2 class=\"elementor-heading-title elementor-size-xl\">Introduction<\/h2>\t\t\t\t<\/div>\n\t\t\t\t<\/div>\n\t\t\t\t<div class=\"elementor-element elementor-element-714b3c2 elementor-widget elementor-widget-text-editor\" data-id=\"714b3c2\" data-element_type=\"widget\" data-e-type=\"widget\" data-widget_type=\"text-editor.default\">\n\t\t\t\t<div class=\"elementor-widget-container\">\n\t\t\t\t\t\t\t\t\t<p>La pr\u00e9cocit\u00e9 d\u2019intervention en r\u00e9\u00e9ducation n\u00e9cessite un d\u00e9pistage rapide des premiers troubles, \u00e0 une p\u00e9riode de sa vie o\u00f9 l\u2019enfant b\u00e9n\u00e9ficie d\u2019une grande plasticit\u00e9 c\u00e9r\u00e9brale. La litt\u00e9rature nous pr\u00e9cise que cela peut v\u00e9ritablement am\u00e9liorer la trajectoire de son d\u00e9veloppement et limiter l\u2019expression de son surhandicap li\u00e9e \u00e0 l\u2019absence de soins adapt\u00e9s.<\/p>\t\t\t\t\t\t\t\t<\/div>\n\t\t\t\t<\/div>\n\t\t\t\t<div class=\"elementor-element elementor-element-52b1c59 elementor-widget elementor-widget-heading\" data-id=\"52b1c59\" data-element_type=\"widget\" data-e-type=\"widget\" data-widget_type=\"heading.default\">\n\t\t\t\t<div class=\"elementor-widget-container\">\n\t\t\t\t\t<h2 class=\"elementor-heading-title elementor-size-xl\">Qu\u2019entend-t-on par soins adapt\u00e9s ?<\/h2>\t\t\t\t<\/div>\n\t\t\t\t<\/div>\n\t\t\t\t<div class=\"elementor-element elementor-element-6209511 elementor-widget elementor-widget-text-editor\" data-id=\"6209511\" data-element_type=\"widget\" data-e-type=\"widget\" data-widget_type=\"text-editor.default\">\n\t\t\t\t<div class=\"elementor-widget-container\">\n\t\t\t\t\t\t\t\t\t<p>Diff\u00e9rentes approches innovantes r\u00e9centes viennent mettre en lumi\u00e8re de nouveaux essentiels r\u00e9\u00e9ducatifs dans la prise en charge de la l\u00e9sion c\u00e9r\u00e9brale, reposant sur les principes de l\u2019apprentissage moteur et de la neuroplasticit\u00e9.<\/p><p>Ils ouvrent, pour nous r\u00e9\u00e9ducateurs, de nouveaux horizons de pratique : de nouvelles perspectives sont ainsi offertes \u00e0 nos patients.\u00a0<\/p>\t\t\t\t\t\t\t\t<\/div>\n\t\t\t\t<\/div>\n\t\t\t\t\t<\/div>\n\t\t<\/div>\n\t\t\t\t<div class=\"elementor-column elementor-col-50 elementor-top-column elementor-element elementor-element-040c04e\" data-id=\"040c04e\" data-element_type=\"column\" data-e-type=\"column\">\n\t\t\t<div class=\"elementor-widget-wrap elementor-element-populated\">\n\t\t\t\t\t\t<div class=\"elementor-element elementor-element-6346c28 elementor-toc--minimized-on-tablet elementor-widget elementor-widget-global elementor-global-5168 elementor-widget-table-of-contents\" data-id=\"6346c28\" data-element_type=\"widget\" data-e-type=\"widget\" data-settings=\"{&quot;exclude_headings_by_selector&quot;:[],&quot;headings_by_tags&quot;:[&quot;h2&quot;,&quot;h3&quot;,&quot;h4&quot;,&quot;h5&quot;,&quot;h6&quot;],&quot;marker_view&quot;:&quot;numbers&quot;,&quot;no_headings_message&quot;:&quot;Aucun titre n\\u2019a \\u00e9t\\u00e9 trouv\\u00e9 sur cette page.&quot;,&quot;minimize_box&quot;:&quot;yes&quot;,&quot;minimized_on&quot;:&quot;tablet&quot;,&quot;hierarchical_view&quot;:&quot;yes&quot;,&quot;min_height&quot;:{&quot;unit&quot;:&quot;px&quot;,&quot;size&quot;:&quot;&quot;,&quot;sizes&quot;:[]},&quot;min_height_tablet&quot;:{&quot;unit&quot;:&quot;px&quot;,&quot;size&quot;:&quot;&quot;,&quot;sizes&quot;:[]},&quot;min_height_mobile&quot;:{&quot;unit&quot;:&quot;px&quot;,&quot;size&quot;:&quot;&quot;,&quot;sizes&quot;:[]}}\" data-widget_type=\"table-of-contents.default\">\n\t\t\t\t<div class=\"elementor-widget-container\">\n\t\t\t\t\t\t\t\t\t<div class=\"elementor-toc__header\">\n\t\t\t\t\t\t<h2 class=\"elementor-toc__header-title\">\n\t\t\t\tSommaire\t\t\t<\/h2>\n\t\t\t\t\t\t\t\t\t\t<div class=\"elementor-toc__toggle-button elementor-toc__toggle-button--expand\" role=\"button\" tabindex=\"0\" aria-controls=\"elementor-toc__6346c28\" aria-expanded=\"true\" aria-label=\"Ouvrir la table des mati\u00e8res\"><i aria-hidden=\"true\" class=\"fas fa-chevron-down\"><\/i><\/div>\n\t\t\t\t<div class=\"elementor-toc__toggle-button elementor-toc__toggle-button--collapse\" role=\"button\" tabindex=\"0\" aria-controls=\"elementor-toc__6346c28\" aria-expanded=\"true\" aria-label=\"Fermer la table des mati\u00e8res\"><i aria-hidden=\"true\" class=\"fas fa-chevron-up\"><\/i><\/div>\n\t\t\t\t\t<\/div>\n\t\t\t\t<div id=\"elementor-toc__6346c28\" class=\"elementor-toc__body\">\n\t\t\t<div class=\"elementor-toc__spinner-container\">\n\t\t\t\t<i class=\"elementor-toc__spinner eicon-animation-spin eicon-loading\" aria-hidden=\"true\"><\/i>\t\t\t<\/div>\n\t\t<\/div>\n\t\t\t\t\t\t<\/div>\n\t\t\t\t<\/div>\n\t\t\t\t<div class=\"elementor-element elementor-element-2bb12d6 elementor-widget elementor-widget-facebook-comments\" data-id=\"2bb12d6\" data-element_type=\"widget\" data-e-type=\"widget\" data-widget_type=\"facebook-comments.default\">\n\t\t\t\t<div class=\"elementor-widget-container\">\n\t\t\t\t\t\t\t<div class=\"elementor-facebook-widget fb-comments\" data-href=\"https:\/\/www.lakptn.fr?p=6513\" data-width=\"100%\" data-numposts=\"10\" data-order-by=\"social\" style=\"min-height: 1px\"><\/div>\n\t\t\t\t\t\t<\/div>\n\t\t\t\t<\/div>\n\t\t\t\t\t<\/div>\n\t\t<\/div>\n\t\t\t\t\t<\/div>\n\t\t<\/section>\n\t\t\t\t<section class=\"elementor-section elementor-top-section elementor-element elementor-element-c3c6d81 elementor-section-boxed elementor-section-height-default elementor-section-height-default\" data-id=\"c3c6d81\" data-element_type=\"section\" data-e-type=\"section\">\n\t\t\t\t\t\t<div class=\"elementor-container elementor-column-gap-default\">\n\t\t\t\t\t<div class=\"elementor-column elementor-col-100 elementor-top-column elementor-element elementor-element-1eae0ae\" data-id=\"1eae0ae\" data-element_type=\"column\" data-e-type=\"column\">\n\t\t\t<div class=\"elementor-widget-wrap elementor-element-populated\">\n\t\t\t\t\t\t<div class=\"elementor-element elementor-element-867a64b elementor-widget elementor-widget-heading\" data-id=\"867a64b\" data-element_type=\"widget\" data-e-type=\"widget\" data-widget_type=\"heading.default\">\n\t\t\t\t<div class=\"elementor-widget-container\">\n\t\t\t\t\t<h2 class=\"elementor-heading-title elementor-size-xl\">La qualit\u00e9 de vie, un enjeu central<\/h2>\t\t\t\t<\/div>\n\t\t\t\t<\/div>\n\t\t\t\t<div class=\"elementor-element elementor-element-44e52db elementor-widget elementor-widget-text-editor\" data-id=\"44e52db\" data-element_type=\"widget\" data-e-type=\"widget\" data-widget_type=\"text-editor.default\">\n\t\t\t\t<div class=\"elementor-widget-container\">\n\t\t\t\t\t\t\t\t\t<p>Se pose alors une question : quels moyens d\u2019intervention peuvent s\u2019inscrire dans une d\u00e9marche \u00e9prouv\u00e9e scientifiquement d\u2019am\u00e9lioration de la qualit\u00e9 de vie permettant d&#8217;envisager nos actions au long cours ?<\/p><p>En effet, depuis l&#8217;enqu\u00eate ESPACE impuls\u00e9e par La Fondation Paralysie C\u00e9r\u00e9brale, un autre regard est port\u00e9 sur les attendus en termes de th\u00e9rapies r\u00e9\u00e9ducatives puisqu\u2019ils sont inspir\u00e9s des retours directement formul\u00e9s par les personnes concern\u00e9es, enfants &amp; adultes : &#8220;nous voulons une r\u00e9\u00e9ducation centr\u00e9e sur nos besoins&#8221;.<\/p>\t\t\t\t\t\t\t\t<\/div>\n\t\t\t\t<\/div>\n\t\t\t\t\t<\/div>\n\t\t<\/div>\n\t\t\t\t\t<\/div>\n\t\t<\/section>\n\t\t\t\t<section class=\"elementor-section elementor-top-section elementor-element elementor-element-45b5750 elementor-section-boxed elementor-section-height-default elementor-section-height-default\" data-id=\"45b5750\" data-element_type=\"section\" data-e-type=\"section\">\n\t\t\t\t\t\t<div class=\"elementor-container elementor-column-gap-default\">\n\t\t\t\t\t<div class=\"elementor-column elementor-col-100 elementor-top-column elementor-element elementor-element-5036512\" data-id=\"5036512\" data-element_type=\"column\" data-e-type=\"column\">\n\t\t\t<div class=\"elementor-widget-wrap elementor-element-populated\">\n\t\t\t\t\t\t<div class=\"elementor-element elementor-element-fe86e7d elementor-widget elementor-widget-heading\" data-id=\"fe86e7d\" data-element_type=\"widget\" data-e-type=\"widget\" data-widget_type=\"heading.default\">\n\t\t\t\t<div class=\"elementor-widget-container\">\n\t\t\t\t\t<h3 class=\"elementor-heading-title elementor-size-large\">Il en ressort 9 points essentiels : <\/h3>\t\t\t\t<\/div>\n\t\t\t\t<\/div>\n\t\t\t\t<div class=\"elementor-element elementor-element-e3975a9 elementor-widget elementor-widget-text-editor\" data-id=\"e3975a9\" data-element_type=\"widget\" data-e-type=\"widget\" data-widget_type=\"text-editor.default\">\n\t\t\t\t<div class=\"elementor-widget-container\">\n\t\t\t\t\t\t\t\t\t<ol><li>\u00ab les professionnels du soins (particuli\u00e8rement les r\u00e9\u00e9ducateurs) sont souvent per\u00e7us comme isol\u00e9s et non form\u00e9s aux sp\u00e9cificit\u00e9s de la r\u00e9\u00e9ducation des personnes diagnostiqu\u00e9es de paralysie c\u00e9r\u00e9brale ;<\/li><li>L\u2019absence de modulation de la r\u00e9\u00e9ducation selon les besoins, qu\u2019ils soient ressentis ou av\u00e9r\u00e9s (en lien avec l\u2019\u00e2ge, s\u00e9v\u00e9rit\u00e9 du handicap), de la personne ;<\/li><li>La trop faible aide apport\u00e9e aux adultes s\u00e9v\u00e8rement handicap\u00e9s (non marchants) ;<\/li><li>L\u2019existence de douleurs, dans 70 % des cas, non \u00e9valu\u00e9es et non prises en charge ;<\/li><li>Une prise en compte insuffisante des troubles associ\u00e9s et des r\u00e9\u00e9ducations n\u00e9cessaires (ergoth\u00e9rapie, orthophonie, psychomotricit\u00e9) ;<\/li><li>Une discontinuit\u00e9 dans les prises en charge au cours de la vie ;<\/li><li>Une accessibilit\u00e9 \u00e0 la r\u00e9\u00e9ducation in\u00e9gale sur le territoire ;<\/li><li>Des relations humaines entre r\u00e9\u00e9ducateur et patient jug\u00e9es tr\u00e8s insuffisantes.\u00a0<\/li><li>Le manque de coordination autour du projet de soins<\/li><\/ol><p>Ces r\u00e9sultats expriment les difficult\u00e9s des usagers et leur insatisfaction concernant la r\u00e9\u00e9ducation et la r\u00e9adaptation de la fonction motrice, dont le suivi tout au long de leur vie est affect\u00e9 par de grandes disparit\u00e9s selon l\u2019exp\u00e9rience et la densit\u00e9 des professionnels de sant\u00e9 sur les diff\u00e9rents territoires g\u00e9ographiques.<\/p>\t\t\t\t\t\t\t\t<\/div>\n\t\t\t\t<\/div>\n\t\t\t\t\t<\/div>\n\t\t<\/div>\n\t\t\t\t\t<\/div>\n\t\t<\/section>\n\t\t\t\t<section class=\"elementor-section elementor-top-section elementor-element elementor-element-ed79b1b elementor-section-boxed elementor-section-height-default elementor-section-height-default\" data-id=\"ed79b1b\" data-element_type=\"section\" data-e-type=\"section\">\n\t\t\t\t\t\t<div class=\"elementor-container elementor-column-gap-default\">\n\t\t\t\t\t<div class=\"elementor-column elementor-col-100 elementor-top-column elementor-element elementor-element-1998947\" data-id=\"1998947\" data-element_type=\"column\" data-e-type=\"column\">\n\t\t\t<div class=\"elementor-widget-wrap elementor-element-populated\">\n\t\t\t\t\t\t<div class=\"elementor-element elementor-element-3f8c08a elementor-widget elementor-widget-heading\" data-id=\"3f8c08a\" data-element_type=\"widget\" data-e-type=\"widget\" data-widget_type=\"heading.default\">\n\t\t\t\t<div class=\"elementor-widget-container\">\n\t\t\t\t\t<h3 class=\"elementor-heading-title elementor-size-large\">Des moyens r\u00e9\u00e9ducatifs nombreux \u00e0 l\u2019efficacit\u00e9 variable<\/h3>\t\t\t\t<\/div>\n\t\t\t\t<\/div>\n\t\t\t\t<div class=\"elementor-element elementor-element-4a000ad elementor-widget elementor-widget-text-editor\" data-id=\"4a000ad\" data-element_type=\"widget\" data-e-type=\"widget\" data-widget_type=\"text-editor.default\">\n\t\t\t\t<div class=\"elementor-widget-container\">\n\t\t\t\t\t\t\t\t\t<p>Aussi, parler de r\u00e9\u00e9ducation et de paralysie c\u00e9r\u00e9brale, c\u2019est se plonger dans une jungle de techniques, de m\u00e9thodes, d\u2019outils \u00e0 l\u2019efficacit\u00e9 plus ou moins prouv\u00e9e. Pendant longtemps, les th\u00e9rapies &#8220;Hands\u2019On&#8221; ont eu une exposition majoritaire. Elles comprennent en premier lieu :\u00a0<\/p><ul><li>les manipulations passives du patient par les mains du th\u00e9rapeute, par des dispositifs externes (type Exosquelette)<\/li><li>les techniques de m\u00e9morisation bas\u00e9es sur la r\u00e9p\u00e9tition<\/li><\/ul><p>Dans ces approches on rencontre des ph\u00e9nom\u00e8nes de d\u00e9sengagement ou d\u2019habituation neurologique, ce qui limite vraiment les possibilit\u00e9s de progr\u00e8s pour le patient.<\/p>\t\t\t\t\t\t\t\t<\/div>\n\t\t\t\t<\/div>\n\t\t\t\t\t<\/div>\n\t\t<\/div>\n\t\t\t\t\t<\/div>\n\t\t<\/section>\n\t\t\t\t<section class=\"elementor-section elementor-top-section elementor-element elementor-element-e86b078 elementor-section-boxed elementor-section-height-default elementor-section-height-default\" data-id=\"e86b078\" data-element_type=\"section\" data-e-type=\"section\">\n\t\t\t\t\t\t<div class=\"elementor-container elementor-column-gap-default\">\n\t\t\t\t\t<div class=\"elementor-column elementor-col-100 elementor-top-column elementor-element elementor-element-3e7f7b6\" data-id=\"3e7f7b6\" data-element_type=\"column\" data-e-type=\"column\">\n\t\t\t<div class=\"elementor-widget-wrap elementor-element-populated\">\n\t\t\t\t\t\t<div class=\"elementor-element elementor-element-6802637 elementor-widget elementor-widget-heading\" data-id=\"6802637\" data-element_type=\"widget\" data-e-type=\"widget\" data-widget_type=\"heading.default\">\n\t\t\t\t<div class=\"elementor-widget-container\">\n\t\t\t\t\t<h2 class=\"elementor-heading-title elementor-size-xl\">Recommandations internationales <\/h2>\t\t\t\t<\/div>\n\t\t\t\t<\/div>\n\t\t\t\t<div class=\"elementor-element elementor-element-d7b9165 elementor-widget elementor-widget-heading\" data-id=\"d7b9165\" data-element_type=\"widget\" data-e-type=\"widget\" data-widget_type=\"heading.default\">\n\t\t\t\t<div class=\"elementor-widget-container\">\n\t\t\t\t\t<h3 class=\"elementor-heading-title elementor-size-large\">Cr\u00e9er un contexte apprenant pour l\u2019enfant<\/h3>\t\t\t\t<\/div>\n\t\t\t\t<\/div>\n\t\t\t\t<div class=\"elementor-element elementor-element-46cff02 elementor-widget elementor-widget-text-editor\" data-id=\"46cff02\" data-element_type=\"widget\" data-e-type=\"widget\" data-widget_type=\"text-editor.default\">\n\t\t\t\t<div class=\"elementor-widget-container\">\n\t\t\t\t\t\t\t\t\t<p>Au coeur des nouvelles recommandations internationales et plus r\u00e9cemment francophones, on retrouve diff\u00e9rentes cl\u00e9s r\u00e9\u00e9ducatives actualis\u00e9es :<\/p><p>\u00a0<\/p><p>&#8211; Le but premier de l\u2019intervention en masso-kin\u00e9sith\u00e9rapie est d\u2019am\u00e9liorer la fonction motrice qui a \u00e9t\u00e9 prioris\u00e9e avec l\u2019enfant et sa famille, selon des objectifs identifi\u00e9s et n\u00e9goci\u00e9s conjointement<\/p><p>\u00a0<\/p><p>&#8211; L\u2019activit\u00e9 efficiente pour l\u2019enfant, lui permettant de faire l\u2019exp\u00e9rience du contr\u00f4le postural et esp\u00e9rer l\u2019apprentissage doit s\u2019appuyer sur les principes de la t\u00e2che orient\u00e9e (t\u00e2che signifiante, s\u2019appuyant sur un engagement actif et volontaire de l&#8217;enfant, dans un environnement favorable, avec des leviers motivationnels identifi\u00e9s, et une progression\/r\u00e9p\u00e9tition des situations motrices propos\u00e9es)<\/p><p>\u00a0<\/p><p>&#8211; L\u2019environnement (et son am\u00e9nagement) permet de\u00a0d\u00e9velopper la comp\u00e9tence posturale de l\u2019enfant et donc favorise son niveau d&#8217;engagement, au service de ses interactions avec le monde.\u00a0<\/p><p><strong>La clef th\u00e9rapeutique est de cr\u00e9er un contexte apprenant pour l\u2019enfant.<\/strong><\/p>\t\t\t\t\t\t\t\t<\/div>\n\t\t\t\t<\/div>\n\t\t\t\t\t<\/div>\n\t\t<\/div>\n\t\t\t\t\t<\/div>\n\t\t<\/section>\n\t\t\t\t<section class=\"elementor-section elementor-top-section elementor-element elementor-element-28babe2 elementor-section-boxed elementor-section-height-default elementor-section-height-default\" data-id=\"28babe2\" data-element_type=\"section\" data-e-type=\"section\">\n\t\t\t\t\t\t<div class=\"elementor-container elementor-column-gap-default\">\n\t\t\t\t\t<div class=\"elementor-column elementor-col-100 elementor-top-column elementor-element elementor-element-06d3e98\" data-id=\"06d3e98\" data-element_type=\"column\" data-e-type=\"column\">\n\t\t\t<div class=\"elementor-widget-wrap elementor-element-populated\">\n\t\t\t\t\t\t<div class=\"elementor-element elementor-element-af98893 elementor-widget elementor-widget-heading\" data-id=\"af98893\" data-element_type=\"widget\" data-e-type=\"widget\" data-widget_type=\"heading.default\">\n\t\t\t\t<div class=\"elementor-widget-container\">\n\t\t\t\t\t<h3 class=\"elementor-heading-title elementor-size-large\">Apprentissage moteur et neuroplasticit\u00e9 c\u00e9r\u00e9brale<\/h3>\t\t\t\t<\/div>\n\t\t\t\t<\/div>\n\t\t\t\t<div class=\"elementor-element elementor-element-23160f7 elementor-widget elementor-widget-text-editor\" data-id=\"23160f7\" data-element_type=\"widget\" data-e-type=\"widget\" data-widget_type=\"text-editor.default\">\n\t\t\t\t<div class=\"elementor-widget-container\">\n\t\t\t\t\t\t\t\t\t<p>Les techniques \u00e9prouv\u00e9es s\u2019appuient donc sur les principes g\u00e9n\u00e9raux de l\u2019apprentissage moteur et de la neuroplasticit\u00e9 c\u00e9r\u00e9brale. Ainsi, pour maximiser l&#8217;apprentissage moteur (et donc un gain fonctionnel certain qui viendra impacter la qualit\u00e9 de vie), le patient doit \u00eatre\u00a0:<\/p><p>&#8211;\u00a0<strong>activement engag\u00e9 dans la t\u00e2che \u00e0 la fois physiquement et mentalemen<\/strong>t,<\/p><p><strong>&#8211; le r\u00e9gime r\u00e9\u00e9ducatif doit \u00eatre suffisamment intense,<\/strong><\/p><p><strong>&#8211; la pratique doit \u00eatre orient\u00e9e, variable et \u00e0 difficult\u00e9 progressive.\u00a0<\/strong><\/p><p>On retrouve ces essentiels dans plusieurs m\u00e9thodes valid\u00e9es scientifiquement, comme la contrainte induite ou la r\u00e9\u00e9ducation intensive bimanuelle avec les ingr\u00e9dients th\u00e9rapeutiques suivants :<\/p><ul><li><strong>un dosage important<\/strong>(plusieurs heures par jour pendant deux semaines, dans le cadre de mini-stages),<\/li><\/ul><ul><li><strong>un temps d\u2019engagement moteur<\/strong>, c\u2019est-\u00e0-dire l\u2019enfant actif dans des t\u00e2ches utiles, qui sollicitent le corps entier au moins 80 du temps %,<\/li><\/ul><ul><li><strong>des objectifs th\u00e9rapeutiques fonctionnels<\/strong>, fix\u00e9s sur la base des demandes des enfants et de leurs parents. Il peut s\u2019agir d\u2019enfiler une veste, d\u2019\u00e9plucher un fruit, etc.,<\/li><\/ul><ul><li><strong>des mouvements exclusivement volontaires<\/strong>(Le th\u00e9rapeute ne touche pas l\u2019enfant, pas de guidance ni de facilitation du mouvement),<\/li><\/ul><ul><li><strong>une progressivit\u00e9 de la difficult\u00e9 des t\u00e2ches\u00a0<\/strong>ou des mouvements pour induire des changements moteurs et neuroplastiques,<\/li><li><strong>un contexte ludique<\/strong>, o\u00f9 les enfants sont motiv\u00e9s par des jeux, des objectifs \u00e0 atteindre, des r\u00e9compenses, dans un contexte bienveillant et motivant. On parle de renforcement Positif.<\/li><\/ul>\t\t\t\t\t\t\t\t<\/div>\n\t\t\t\t<\/div>\n\t\t\t\t\t<\/div>\n\t\t<\/div>\n\t\t\t\t\t<\/div>\n\t\t<\/section>\n\t\t\t\t<section class=\"elementor-section elementor-top-section elementor-element elementor-element-d12e506 elementor-section-boxed elementor-section-height-default elementor-section-height-default\" data-id=\"d12e506\" data-element_type=\"section\" data-e-type=\"section\">\n\t\t\t\t\t\t<div class=\"elementor-container elementor-column-gap-default\">\n\t\t\t\t\t<div class=\"elementor-column elementor-col-100 elementor-top-column elementor-element elementor-element-672d66e\" data-id=\"672d66e\" data-element_type=\"column\" data-e-type=\"column\">\n\t\t\t<div class=\"elementor-widget-wrap elementor-element-populated\">\n\t\t\t\t\t\t<div class=\"elementor-element elementor-element-50e1b5c elementor-widget elementor-widget-heading\" data-id=\"50e1b5c\" data-element_type=\"widget\" data-e-type=\"widget\" data-widget_type=\"heading.default\">\n\t\t\t\t<div class=\"elementor-widget-container\">\n\t\t\t\t\t<h3 class=\"elementor-heading-title elementor-size-large\">Une efficacit\u00e9 prouv\u00e9e<\/h3>\t\t\t\t<\/div>\n\t\t\t\t<\/div>\n\t\t\t\t<div class=\"elementor-element elementor-element-06c71e6 elementor-widget elementor-widget-text-editor\" data-id=\"06c71e6\" data-element_type=\"widget\" data-e-type=\"widget\" data-widget_type=\"text-editor.default\">\n\t\t\t\t<div class=\"elementor-widget-container\">\n\t\t\t\t\t\t\t\t\t<p>La litt\u00e9rature montre que ce type de th\u00e9rapie induit des changements neuroplastiques (remodelage neuronal qui s\u2019enrichit des exp\u00e9riences v\u00e9cues) des cartes motrices pr\u00e9sentes dans les diff\u00e9rentes zones du cerveau. De nouvelles aires c\u00e9r\u00e9brales sont recrut\u00e9es et permettent de nouveaux mouvements, du fait de la r\u00e9p\u00e9tition et de l\u2019apprentissage moteur dans les t\u00e2ches structur\u00e9es.<\/p>\t\t\t\t\t\t\t\t<\/div>\n\t\t\t\t<\/div>\n\t\t\t\t\t<\/div>\n\t\t<\/div>\n\t\t\t\t\t<\/div>\n\t\t<\/section>\n\t\t\t\t<section class=\"elementor-section elementor-top-section elementor-element elementor-element-44c164f elementor-section-boxed elementor-section-height-default elementor-section-height-default\" data-id=\"44c164f\" data-element_type=\"section\" data-e-type=\"section\">\n\t\t\t\t\t\t<div class=\"elementor-container elementor-column-gap-default\">\n\t\t\t\t\t<div class=\"elementor-column elementor-col-100 elementor-top-column elementor-element elementor-element-17bd20d\" data-id=\"17bd20d\" data-element_type=\"column\" data-e-type=\"column\">\n\t\t\t<div class=\"elementor-widget-wrap elementor-element-populated\">\n\t\t\t\t\t\t<div class=\"elementor-element elementor-element-6472306 elementor-widget elementor-widget-heading\" data-id=\"6472306\" data-element_type=\"widget\" data-e-type=\"widget\" data-widget_type=\"heading.default\">\n\t\t\t\t<div class=\"elementor-widget-container\">\n\t\t\t\t\t<h2 class=\"elementor-heading-title elementor-size-xl\">En conclusion<\/h2>\t\t\t\t<\/div>\n\t\t\t\t<\/div>\n\t\t\t\t<div class=\"elementor-element elementor-element-a79e9ba elementor-widget elementor-widget-text-editor\" data-id=\"a79e9ba\" data-element_type=\"widget\" data-e-type=\"widget\" data-widget_type=\"text-editor.default\">\n\t\t\t\t<div class=\"elementor-widget-container\">\n\t\t\t\t\t\t\t\t\t<p>Les neurosciences \u00e9voluent \u00e0 grande vitesse : il reste aux kin\u00e9sith\u00e9rapeutes \u00e0 faire \u00e9voluer leurs m\u00e9thodes de r\u00e9\u00e9ducation pour que l\u2019exp\u00e9rience du soin investisse positivement les lieux de vie et qu\u2019en toile de fond, cela serve la participation sociale et la qualit\u00e9 de vie de l&#8217;enfant qui grandit.<br \/><br \/>C&#8217;est finalement une Invitation \u00e0 une pratique collaborative raisonn\u00e9e, engag\u00e9e et bienveillante au service de la fonction motrice et de son expression dans la vie quotidienne.<\/p>\t\t\t\t\t\t\t\t<\/div>\n\t\t\t\t<\/div>\n\t\t\t\t\t<\/div>\n\t\t<\/div>\n\t\t\t\t\t<\/div>\n\t\t<\/section>\n\t\t\t\t<section class=\"elementor-section elementor-top-section elementor-element elementor-element-efd8292 elementor-section-boxed elementor-section-height-default elementor-section-height-default\" data-id=\"efd8292\" data-element_type=\"section\" data-e-type=\"section\">\n\t\t\t\t\t\t<div class=\"elementor-container elementor-column-gap-default\">\n\t\t\t\t\t<div class=\"elementor-column elementor-col-100 elementor-top-column elementor-element elementor-element-69dd82b\" data-id=\"69dd82b\" data-element_type=\"column\" data-e-type=\"column\">\n\t\t\t<div class=\"elementor-widget-wrap elementor-element-populated\">\n\t\t\t\t\t\t<div class=\"elementor-element elementor-element-f3f684e elementor-widget elementor-widget-heading\" data-id=\"f3f684e\" data-element_type=\"widget\" data-e-type=\"widget\" data-widget_type=\"heading.default\">\n\t\t\t\t<div class=\"elementor-widget-container\">\n\t\t\t\t\t<h2 class=\"elementor-heading-title elementor-size-xl\">Bibliographie<\/h2>\t\t\t\t<\/div>\n\t\t\t\t<\/div>\n\t\t\t\t<div class=\"elementor-element elementor-element-b4d2a85 elementor-widget elementor-widget-text-editor\" data-id=\"b4d2a85\" data-element_type=\"widget\" data-e-type=\"widget\" data-widget_type=\"text-editor.default\">\n\t\t\t\t<div class=\"elementor-widget-container\">\n\t\t\t\t\t\t\t\t\t<ul><li>Basu AP, Pearse J, Kelly S, Wisher V, Kisler J. \u00ab\u00a0Early intervention to improve hand function in hemiplegic cerebral palsy\u00a0\u00bb. Improving outcomes in cerebral palsy with early intervention: new translational approaches, 2015, 147.<\/li><li>Bleyenheuft Y &amp; Gordon AM. Hand-Arm Bimanual Intensive Therapy Including Lower Extremities (HABIT-ILE) for Children with Cerebral Palsy, Physical &amp; Occupational Therapy In Pediatrics, 2014, 34:4, 390-403\u00a0<\/li><li>Bleyenheuft Y, Arnould C, Brandao M, Bleyenheuft C, Gordon AM. Hand and Arm Bimanual Intensive Therapy Including Lower Extremity (HABIT-ILE) in Children With Unilateral Spastic Cerebral Palsy: A Randomized Trial. Neurorehabil Neural repair. 2015<\/li><li>Bexelius A,\u00a0<a href=\"https:\/\/www.ncbi.nlm.nih.gov\/pubmed\/?term=Carlberg%20EB%5BAuthor%5D&amp;cauthor=true&amp;cauthor_uid=30112766\">Carlberg EB<\/a>,\u00a0<a href=\"https:\/\/www.ncbi.nlm.nih.gov\/pubmed\/?term=L%C3%B6wing%20K%5BAuthor%5D&amp;cauthor=true&amp;cauthor_uid=30112766\">L\u00f6wing K<\/a>. Quality of goal setting in pediatric rehabilitation-A SMART approach. Child Care Health Dev. 2018 Nov;44(6):850-856.\u00a0<\/li><li>Cans C. Surveillance of cerebral palsy in Europe: a collaboration of cerebral palsy surveys and registers. Developmental Medicine &amp; Child Neurology 42, no 12 (2000): 816\u2013824\u00a0<\/li><li><a href=\"https:\/\/www.ncbi.nlm.nih.gov\/pubmed\/?term=Charles%20J%5BAuthor%5D&amp;cauthor=true&amp;cauthor_uid=17044964\">Charles J<\/a>,\u00a0<a href=\"https:\/\/www.ncbi.nlm.nih.gov\/pubmed\/?term=Gordon%20AM%5BAuthor%5D&amp;cauthor=true&amp;cauthor_uid=17044964\">Gordon AM<\/a>. Development of hand-arm bimanual intensive training (HABIT) for improving bimanual coordination in children with hemiplegic cerebral palsy. Dev Med Child Neurol. 2006 Nov;48(11):931-6.<\/li><li>De Graff-Peters VB, Blauw-Hospers CH, Dirks T, Bakker H, Bos AF, Hadders-Algra M. Development of postural control in typically developing children and children with cerebral palsy: possibilities for intervention?. Neuroscience and Biobehavioral Reviews. 31 2007<\/li><li>Dewar R, Love S, Johnston LM. Exercise interventions improve postural control in children with cerebral palsy: a systematic review. Developmental medicine and child neurology. 2014<\/li><li>Gordon AM, Schneider J, Chinnan A, Charles J. Efficacy of hand-arm bimanual tintensiv therapy (HABIT) in children with hemiplegic cerebral palsy : a randomized control trial. Dev Med Child Neurol. 2007<\/li><li>Graham HK, Rosenbaum P, Paneth N, Dan B, Lin JP , Damiano DL, Becher JG, et al.\u00a0\u00a0Cerebral Palsy. Nature Reviews. Disease Primers 2 (07 2016): 15082.<\/li><li>Kr\u00e4geloh-Mann Ingeborg, Cans C. Cerebral palsy update. Brain and development 31, no 7 (2009): 537\u2013544.<\/li><li>Langhorne P,\u00a0<a href=\"https:\/\/www.ncbi.nlm.nih.gov\/pubmed\/?term=Bernhardt%20J%5BAuthor%5D&amp;cauthor=true&amp;cauthor_uid=21571152\">Bernhardt J<\/a>,\u00a0<a href=\"https:\/\/www.ncbi.nlm.nih.gov\/pubmed\/?term=Kwakkel%20G%5BAuthor%5D&amp;cauthor=true&amp;cauthor_uid=21571152\">Kwakkel G<\/a>. Stroke rehabilitation. Lancet. 2011 May 14;377(9778):1693-702.<\/li><li>Le M\u00e9tayer M. L&#8217;\u00e9valuation clinique factorielle de l&#8217;enfant IMC, Volume 879, Issue 3, 09\/2001, Pages 97-120,<\/li><li>Novak I, Mcintyre S, Morgan C, Campbell L, Dark L, Morton N, Stumbles E, Wilson SA, Goldsmith S. A systematic review of interventions for children with cerebral palsy: state of the evidence. Developmental Medicine &amp; Child Neurology 55, no 10 (2013): 885\u2013910.<\/li><li>Novak L,\u00a0<a href=\"https:\/\/www.ncbi.nlm.nih.gov\/pubmed\/?term=Morgan%20C%5BAuthor%5D&amp;cauthor=true&amp;cauthor_uid=28715518\">Morgan C<\/a>,\u00a0<a href=\"https:\/\/www.ncbi.nlm.nih.gov\/pubmed\/?term=Adde%20L%5BAuthor%5D&amp;cauthor=true&amp;cauthor_uid=28715518\">Adde L<\/a>,\u00a0<a href=\"https:\/\/www.ncbi.nlm.nih.gov\/pubmed\/?term=Blackman%20J%5BAuthor%5D&amp;cauthor=true&amp;cauthor_uid=28715518\">Blackman J<\/a>,\u00a0<a href=\"https:\/\/www.ncbi.nlm.nih.gov\/pubmed\/?term=Boyd%20RN%5BAuthor%5D&amp;cauthor=true&amp;cauthor_uid=28715518\">Boyd RN<\/a>. Early, Accurate Diagnosis and Early Intervention in Cerebral Palsy: Advances in Diagnosis and Treatment. JAMA Pediatr. 2017 Sep 1;171(9):897-907.<\/li><li>Novak I, Morgan C, Adde L, Blackman J, Boyd RN, Brunstrom-Hernandez J, Cioni G, Damiano D, Darrah J, Eliasson AC, de Vries LS, Einspieler C, Fahey M, Fehlings D, Ferriero DM, Fetters L, Fiori S, Forssberg H, Gordon AM, Greaves S, Guzzetta A, Hadders-Algra M, Harbourne R, Kakooza-Mwesige A, Karlsson P, Krumlinde-Sundholm L, Latal B, Loughran-Fowlds A, Maitre N, McIntyre S, Noritz G, Pennington L, Romeo DM, Shepherd R, Spittle AJ, Thornton M, Valentine J, Walker K, White R, Badawi N. Early, Accurate Diagnosis and Early Intervention in Cerebral Palsy: Advances in Diagnosis and Treatment. JAMA Pediatr. 2017 Sep 1;171(9):897-907. doi: 10.1001\/jamapediatrics.2017.1689. Erratum in: JAMA Pediatr. 2017 Sep 1;171(9):919. PMID: 28715518.<\/li><li>Romeo DM, Cioni M, Scoto M, Mazzone L, Palermo F, Romeo MG. Neuromotor development in infants with cerebral palsy investigated by the Hammersmith Infant Neurological Examination during the first year of age. Eur J Paediatr Neurol 2008; 12: 24-31<\/li><li>Rosenbaum P, Paneth N, Leviton A, Goldstein M, Bax M, Damiano D, Dan B, Jacobsson B et others. \u00ab\u00a0A report: the definition and classification of cerebral palsy April 2006\u00a0\u00bb. Dev Med Child Neurol Suppl 109, no suppl 109 (2007): 8\u201314<\/li><li>Sakzewski L, Ziviani J, Abott DF, McDonell RA, Jackson JD, Boyd RN. Equivalent retention of gains at 1 year after training with constraint-induced or bimanual therapy in children with unilateral cerebral palsy. Neurorehabil Neural repair. 2011\u00a0<\/li><li><a href=\"https:\/\/www.ncbi.nlm.nih.gov\/pubmed\/?term=Spittle%20A%5BAuthor%5D&amp;cauthor=true&amp;cauthor_uid=26597166\">Spittle A<\/a>,\u00a0<a href=\"https:\/\/www.ncbi.nlm.nih.gov\/pubmed\/?term=Orton%20J%5BAuthor%5D&amp;cauthor=true&amp;cauthor_uid=26597166\">Orton J<\/a>,\u00a0<a href=\"https:\/\/www.ncbi.nlm.nih.gov\/pubmed\/?term=Anderson%20PJ%5BAuthor%5D&amp;cauthor=true&amp;cauthor_uid=26597166\">Anderson PJ<\/a>,\u00a0<a href=\"https:\/\/www.ncbi.nlm.nih.gov\/pubmed\/?term=Boyd%20R%5BAuthor%5D&amp;cauthor=true&amp;cauthor_uid=26597166\">Boyd R<\/a>,\u00a0<a href=\"https:\/\/www.ncbi.nlm.nih.gov\/pubmed\/?term=Doyle%20LW%5BAuthor%5D&amp;cauthor=true&amp;cauthor_uid=26597166\">Doyle LW<\/a>. Early developmental intervention programmes provided post hospital discharge to prevent motor and cognitive impairment in preterm infants. Cochrane Database Syst Rev. 2015 Nov 24;(11)<\/li><\/ul>\t\t\t\t\t\t\t\t<\/div>\n\t\t\t\t<\/div>\n\t\t\t\t\t<\/div>\n\t\t<\/div>\n\t\t\t\t\t<\/div>\n\t\t<\/section>\n\t\t\t\t<section class=\"elementor-section elementor-top-section elementor-element elementor-element-c96cde7 elementor-section-boxed elementor-section-height-default elementor-section-height-default\" data-id=\"c96cde7\" data-element_type=\"section\" data-e-type=\"section\">\n\t\t\t\t\t\t<div class=\"elementor-container elementor-column-gap-default\">\n\t\t\t\t\t<div class=\"elementor-column elementor-col-100 elementor-top-column elementor-element elementor-element-1c1c50ed\" data-id=\"1c1c50ed\" data-element_type=\"column\" data-e-type=\"column\">\n\t\t\t<div class=\"elementor-widget-wrap elementor-element-populated\">\n\t\t\t\t\t\t<div class=\"elementor-element elementor-element-3320f7ce elementor-widget elementor-widget-text-editor\" data-id=\"3320f7ce\" data-element_type=\"widget\" data-e-type=\"widget\" data-widget_type=\"text-editor.default\">\n\t\t\t\t<div class=\"elementor-widget-container\">\n\t\t\t\t\t\t\t\t\t<p><div class=\"sharethis-inline-share-buttons\" ><\/div><\/p>\t\t\t\t\t\t\t\t<\/div>\n\t\t\t\t<\/div>\n\t\t\t\t\t<\/div>\n\t\t<\/div>\n\t\t\t\t\t<\/div>\n\t\t<\/section>\n\t\t\t\t<section class=\"elementor-section elementor-top-section elementor-element elementor-element-620b959b elementor-section-boxed elementor-section-height-default elementor-section-height-default\" data-id=\"620b959b\" data-element_type=\"section\" data-e-type=\"section\">\n\t\t\t\t\t\t\t<div class=\"elementor-background-overlay\"><\/div>\n\t\t\t\t\t\t\t<div class=\"elementor-container elementor-column-gap-default\">\n\t\t\t\t\t<div class=\"elementor-column elementor-col-50 elementor-top-column elementor-element elementor-element-54490185\" data-id=\"54490185\" data-element_type=\"column\" data-e-type=\"column\">\n\t\t\t<div class=\"elementor-widget-wrap elementor-element-populated\">\n\t\t\t\t\t\t<div class=\"elementor-element elementor-element-7caf936e elementor-widget elementor-widget-text-editor\" data-id=\"7caf936e\" data-element_type=\"widget\" data-e-type=\"widget\" data-widget_type=\"text-editor.default\">\n\t\t\t\t<div class=\"elementor-widget-container\">\n\t\t\t\t\t\t\t\t\t<p><strong>L&#8217;Association des Kin\u00e9sith\u00e9rapeutes P\u00e9diatriques du Territoire Normand<\/strong><\/p>\t\t\t\t\t\t\t\t<\/div>\n\t\t\t\t<\/div>\n\t\t\t\t<div class=\"elementor-element elementor-element-f337c3e elementor-widget elementor-widget-text-editor\" data-id=\"f337c3e\" data-element_type=\"widget\" data-e-type=\"widget\" data-widget_type=\"text-editor.default\">\n\t\t\t\t<div class=\"elementor-widget-container\">\n\t\t\t\t\t\t\t\t\t<p><a href=\"https:\/\/www.lakptn.fr\/index.php\/lassociation\/mentions-legales\/\">Mentions l\u00e9gales et politique de confidentialit\u00e9<\/a><\/p><p><a href=\"https:\/\/www.lakptn.fr\/index.php\/lassociation\/conditions-de-service\/\">Conditions de Service<\/a><\/p>\t\t\t\t\t\t\t\t<\/div>\n\t\t\t\t<\/div>\n\t\t\t\t\t<\/div>\n\t\t<\/div>\n\t\t\t\t<div class=\"elementor-column elementor-col-50 elementor-top-column elementor-element elementor-element-19bf844\" data-id=\"19bf844\" data-element_type=\"column\" data-e-type=\"column\">\n\t\t\t<div class=\"elementor-widget-wrap elementor-element-populated\">\n\t\t\t\t\t\t<div class=\"elementor-element elementor-element-75244db8 elementor-widget elementor-widget-text-editor\" data-id=\"75244db8\" data-element_type=\"widget\" data-e-type=\"widget\" data-widget_type=\"text-editor.default\">\n\t\t\t\t<div class=\"elementor-widget-container\">\n\t\t\t\t\t\t\t\t\t<p style=\"text-align: center;\">Voulez-vous \u00eatre inform\u00e9.e de nos actualit\u00e9s ?<\/p>\t\t\t\t\t\t\t\t<\/div>\n\t\t\t\t<\/div>\n\t\t\t\t<div class=\"elementor-element elementor-element-78af0ff elementor-widget elementor-widget-text-editor\" data-id=\"78af0ff\" data-element_type=\"widget\" data-e-type=\"widget\" data-widget_type=\"text-editor.default\">\n\t\t\t\t<div class=\"elementor-widget-container\">\n\t\t\t\t\t\t\t\t\t<!-- Begin Mailchimp Signup Form -->\n\n<style type=\"text\/css\">\n\t#mc_embed_signup{background:#69C4BD ; clear:left; font:14px Helvetica,Arial,sans-serif; }<br \/>\t\/* Add your own Mailchimp form style overrides in your site stylesheet or in this style block.<br \/>\t   We recommend moving this block and the preceding CSS link to the HEAD of your HTML file. *\/<br \/><\/style>\n<div id=\"mc_embed_signup\"><form id=\"mc-embedded-subscribe-form\" class=\"validate\" action=\"https:\/\/gmail.us5.list-manage.com\/subscribe\/post?u=a90cb0e3eefa3b3b1059e64f5&amp;id=399c316eb8\" method=\"post\" name=\"mc-embedded-subscribe-form\" novalidate=\"\" target=\"_blank\">\n<div id=\"mc_embed_signup_scroll\">\n<div class=\"indicates-required\"><span class=\"asterisk\">*<\/span> Champs obligatoires<\/div>\n<div class=\"mc-field-group\"><label for=\"mce-EMAIL\">Email <span class=\"asterisk\">*<\/span>\n<\/label>\n<input id=\"mce-EMAIL\" class=\"required email\" name=\"EMAIL\" type=\"email\" value=\"\" \/><\/div>\n<div class=\"mc-field-group\"><label for=\"mce-LNAME\">NOM <span class=\"asterisk\">*<\/span>\n<\/label>\n<input id=\"mce-LNAME\" class=\"required\" name=\"LNAME\" type=\"text\" value=\"\" \/><\/div>\n<div class=\"mc-field-group\"><label for=\"mce-FNAME\">Pr\u00e9nom <span class=\"asterisk\">*<\/span>\n<\/label>\n<input id=\"mce-FNAME\" class=\"required\" name=\"FNAME\" type=\"text\" value=\"\" \/><\/div>\n<div class=\"mc-field-group\"><label for=\"mce-MMERGE7\">Ville d&#8217;activit\u00e9 ou d&#8217;habitation <span class=\"asterisk\">*<\/span>\n<\/label>\n<input id=\"mce-MMERGE7\" class=\"required\" name=\"MMERGE7\" type=\"text\" value=\"\" \/><\/div>\n<div class=\"mc-field-group\"><label for=\"mce-MMERGE6\">Statut (Kin\u00e9sith\u00e9rapeute, Particulier, autre Pro <span class=\"asterisk\">*<\/span>\n<\/label>\n<input id=\"mce-MMERGE6\" class=\"required\" name=\"MMERGE6\" type=\"text\" value=\"\" \/><\/div>\n<div id=\"mce-responses\" class=\"clear\">\n<div id=\"mce-error-response\" class=\"response\" style=\"display: none;\"><\/div>\n<div id=\"mce-success-response\" class=\"response\" style=\"display: none;\"><\/div>\n<\/div>\n<!-- real people should not fill this in and expect good things - do not remove this or risk form bot signups-->\n<div style=\"position: absolute; left: -5000px;\" aria-hidden=\"true\"><input tabindex=\"-1\" name=\"b_a90cb0e3eefa3b3b1059e64f5_399c316eb8\" type=\"text\" value=\"\" \/><\/div>\n<div class=\"clear\"><input id=\"mc-embedded-subscribe\" class=\"button\" name=\"subscribe\" type=\"submit\" value=\"Envoyer\" \/><\/div>\n<\/div>\n<\/form><\/div>\n<script type='text\/javascript' src='\/\/s3.amazonaws.com\/downloads.mailchimp.com\/js\/mc-validate.js'><\/script><script type='text\/javascript'>(function($) {window.fnames = new Array(); window.ftypes = new Array();fnames[0]='EMAIL';ftypes[0]='email';fnames[2]='LNAME';ftypes[2]='text';fnames[1]='FNAME';ftypes[1]='text';fnames[7]='MMERGE7';ftypes[7]='text';fnames[6]='MMERGE6';ftypes[6]='text'; \/*\n * Translated default messages for the $ validation plugin.\n * Locale: FR\n *\/\n$.extend($.validator.messages, {\n        required: \"Ce champ est requis.\",\n        remote: \"Veuillez remplir ce champ pour continuer.\",\n        email: \"Veuillez entrer une adresse email valide.\",\n        url: \"Veuillez entrer une URL valide.\",\n        date: \"Veuillez entrer une date valide.\",\n        dateISO: \"Veuillez entrer une date valide (ISO).\",\n        number: \"Veuillez entrer un nombre valide.\",\n        digits: \"Veuillez entrer (seulement) une valeur num\u00e9rique.\",\n        creditcard: \"Veuillez entrer un num\u00e9ro de carte de cr\u00e9dit valide.\",\n        equalTo: \"Veuillez entrer une nouvelle fois la m\u00eame valeur.\",\n        accept: \"Veuillez entrer une valeur avec une extension valide.\",\n        maxlength: $.validator.format(\"Veuillez ne pas entrer plus de {0} caract\u00e8res.\"),\n        minlength: $.validator.format(\"Veuillez entrer au moins {0} caract\u00e8res.\"),\n        rangelength: $.validator.format(\"Veuillez entrer entre {0} et {1} caract\u00e8res.\"),\n        range: $.validator.format(\"Veuillez entrer une valeur entre {0} et {1}.\"),\n        max: $.validator.format(\"Veuillez entrer une valeur inf\u00e9rieure ou \u00e9gale \u00e0 {0}.\"),\n        min: $.validator.format(\"Veuillez entrer une valeur sup\u00e9rieure ou \u00e9gale \u00e0 {0}.\")\n});}(jQuery));var $mcj = jQuery.noConflict(true);<\/script>\n<!--End mc_embed_signup-->\t\t\t\t\t\t\t\t<\/div>\n\t\t\t\t<\/div>\n\t\t\t\t\t<\/div>\n\t\t<\/div>\n\t\t\t\t\t<\/div>\n\t\t<\/section>\n\t\t\t\t<\/div>\n\t\t","protected":false},"excerpt":{"rendered":"<p>Facebook-f Paralysie C\u00e9r\u00e9brale et Th\u00e9rapies intensives Enjeux des nouvelles approches r\u00e9\u00e9ducatives Pr\u00e9ambule Cette conf\u00e9rence a eu lieu le mercredi 15 d\u00e9cembre 2021, anim\u00e9e par Ga\u00ebl EVANNO, kin\u00e9sith\u00e9rapeute p\u00e9diatrique \u00e0 Caen et directeur adjoint du RSVA Normand. Nous vous proposons ici le replay ainsi qu&#8217;une synth\u00e8se \u00e9crite. Toute diffusion ou reproduction de cette pr\u00e9sentation ou de [&hellip;]<\/p>\n","protected":false},"author":2,"featured_media":6514,"comment_status":"open","ping_status":"open","sticky":false,"template":"elementor_header_footer","format":"standard","meta":{"_exactmetrics_skip_tracking":false,"_jetpack_newsletter_access":"","_jetpack_dont_email_post_to_subs":false,"_jetpack_newsletter_tier_id":0,"_jetpack_memberships_contains_paywalled_content":false,"_jetpack_feature_clip_id":0,"_jetpack_memberships_contains_paid_content":false,"footnotes":"","jetpack_publicize_message":"","jetpack_publicize_feature_enabled":true,"jetpack_social_post_already_shared":true,"jetpack_social_options":{"image_generator_settings":{"template":"highway","default_image_id":0,"font":"","enabled":false},"version":2},"jetpack_post_was_ever_published":false},"categories":[1],"tags":[],"class_list":["post-6513","post","type-post","status-publish","format-standard","has-post-thumbnail","hentry","category-non-classe"],"yoast_head":"<!-- This site is optimized with the Yoast SEO plugin v28.4 - https:\/\/yoast.com\/product\/yoast-seo-wordpress\/ -->\n<title>Rapport de Conf\u00e9rence - Paralysie C\u00e9r\u00e9brale et Th\u00e9rapies intensives -<\/title>\n<meta name=\"robots\" content=\"index, follow, max-snippet:-1, max-image-preview:large, max-video-preview:-1\" \/>\n<link rel=\"canonical\" href=\"https:\/\/www.lakptn.fr\/index.php\/2021\/12\/16\/paralysie-cerebrale-et-therapies-intensives\/\" \/>\n<meta property=\"og:locale\" content=\"fr_FR\" \/>\n<meta property=\"og:type\" content=\"article\" \/>\n<meta property=\"og:title\" content=\"Rapport de Conf\u00e9rence - Paralysie C\u00e9r\u00e9brale et Th\u00e9rapies intensives -\" \/>\n<meta property=\"og:description\" content=\"Facebook-f Paralysie C\u00e9r\u00e9brale et Th\u00e9rapies intensives Enjeux des nouvelles approches r\u00e9\u00e9ducatives Pr\u00e9ambule Cette conf\u00e9rence a eu lieu le mercredi 15 d\u00e9cembre 2021, anim\u00e9e par Ga\u00ebl EVANNO, kin\u00e9sith\u00e9rapeute p\u00e9diatrique \u00e0 Caen et directeur adjoint du RSVA Normand. Nous vous proposons ici le replay ainsi qu&#8217;une synth\u00e8se \u00e9crite. Toute diffusion ou reproduction de cette pr\u00e9sentation ou de [&hellip;]\" \/>\n<meta property=\"og:url\" content=\"https:\/\/www.lakptn.fr\/index.php\/2021\/12\/16\/paralysie-cerebrale-et-therapies-intensives\/\" \/>\n<meta property=\"article:published_time\" content=\"2021-12-16T14:17:11+00:00\" \/>\n<meta property=\"article:modified_time\" content=\"2022-10-17T15:01:22+00:00\" \/>\n<meta property=\"og:image\" content=\"https:\/\/www.lakptn.fr\/wp-content\/uploads\/2021\/12\/2021-12-15-Therapies-intensives.jpg\" \/>\n\t<meta property=\"og:image:width\" content=\"1800\" \/>\n\t<meta property=\"og:image:height\" content=\"1267\" \/>\n\t<meta property=\"og:image:type\" content=\"image\/jpeg\" \/>\n<meta name=\"author\" content=\"Guillaume COLLET\" \/>\n<meta name=\"twitter:card\" content=\"summary_large_image\" \/>\n<meta name=\"twitter:label1\" content=\"\u00c9crit par\" \/>\n\t<meta name=\"twitter:data1\" content=\"Guillaume COLLET\" \/>\n\t<meta name=\"twitter:label2\" content=\"Dur\u00e9e de lecture estim\u00e9e\" \/>\n\t<meta name=\"twitter:data2\" content=\"13 minutes\" \/>\n<script type=\"application\/ld+json\" class=\"yoast-schema-graph\">{\"@context\":\"https:\\\/\\\/schema.org\",\"@graph\":[{\"@type\":\"Article\",\"@id\":\"https:\\\/\\\/www.lakptn.fr\\\/index.php\\\/2021\\\/12\\\/16\\\/paralysie-cerebrale-et-therapies-intensives\\\/#article\",\"isPartOf\":{\"@id\":\"https:\\\/\\\/www.lakptn.fr\\\/index.php\\\/2021\\\/12\\\/16\\\/paralysie-cerebrale-et-therapies-intensives\\\/\"},\"author\":{\"name\":\"Guillaume COLLET\",\"@id\":\"https:\\\/\\\/www.lakptn.fr\\\/#\\\/schema\\\/person\\\/029996615745a6d09696b6caf8850188\"},\"headline\":\"Rapport de Conf\u00e9rence &#8211; Paralysie C\u00e9r\u00e9brale et Th\u00e9rapies intensives\",\"datePublished\":\"2021-12-16T14:17:11+00:00\",\"dateModified\":\"2022-10-17T15:01:22+00:00\",\"mainEntityOfPage\":{\"@id\":\"https:\\\/\\\/www.lakptn.fr\\\/index.php\\\/2021\\\/12\\\/16\\\/paralysie-cerebrale-et-therapies-intensives\\\/\"},\"wordCount\":1942,\"commentCount\":0,\"image\":{\"@id\":\"https:\\\/\\\/www.lakptn.fr\\\/index.php\\\/2021\\\/12\\\/16\\\/paralysie-cerebrale-et-therapies-intensives\\\/#primaryimage\"},\"thumbnailUrl\":\"https:\\\/\\\/i0.wp.com\\\/www.lakptn.fr\\\/wp-content\\\/uploads\\\/2021\\\/12\\\/2021-12-15-Therapies-intensives.jpg?fit=1800%2C1267&ssl=1\",\"inLanguage\":\"fr-FR\",\"potentialAction\":[{\"@type\":\"CommentAction\",\"name\":\"Comment\",\"target\":[\"https:\\\/\\\/www.lakptn.fr\\\/index.php\\\/2021\\\/12\\\/16\\\/paralysie-cerebrale-et-therapies-intensives\\\/#respond\"]}]},{\"@type\":\"WebPage\",\"@id\":\"https:\\\/\\\/www.lakptn.fr\\\/index.php\\\/2021\\\/12\\\/16\\\/paralysie-cerebrale-et-therapies-intensives\\\/\",\"url\":\"https:\\\/\\\/www.lakptn.fr\\\/index.php\\\/2021\\\/12\\\/16\\\/paralysie-cerebrale-et-therapies-intensives\\\/\",\"name\":\"Rapport de Conf\u00e9rence - Paralysie C\u00e9r\u00e9brale et Th\u00e9rapies intensives -\",\"isPartOf\":{\"@id\":\"https:\\\/\\\/www.lakptn.fr\\\/#website\"},\"primaryImageOfPage\":{\"@id\":\"https:\\\/\\\/www.lakptn.fr\\\/index.php\\\/2021\\\/12\\\/16\\\/paralysie-cerebrale-et-therapies-intensives\\\/#primaryimage\"},\"image\":{\"@id\":\"https:\\\/\\\/www.lakptn.fr\\\/index.php\\\/2021\\\/12\\\/16\\\/paralysie-cerebrale-et-therapies-intensives\\\/#primaryimage\"},\"thumbnailUrl\":\"https:\\\/\\\/i0.wp.com\\\/www.lakptn.fr\\\/wp-content\\\/uploads\\\/2021\\\/12\\\/2021-12-15-Therapies-intensives.jpg?fit=1800%2C1267&ssl=1\",\"datePublished\":\"2021-12-16T14:17:11+00:00\",\"dateModified\":\"2022-10-17T15:01:22+00:00\",\"author\":{\"@id\":\"https:\\\/\\\/www.lakptn.fr\\\/#\\\/schema\\\/person\\\/029996615745a6d09696b6caf8850188\"},\"breadcrumb\":{\"@id\":\"https:\\\/\\\/www.lakptn.fr\\\/index.php\\\/2021\\\/12\\\/16\\\/paralysie-cerebrale-et-therapies-intensives\\\/#breadcrumb\"},\"inLanguage\":\"fr-FR\",\"potentialAction\":[{\"@type\":\"ReadAction\",\"target\":[\"https:\\\/\\\/www.lakptn.fr\\\/index.php\\\/2021\\\/12\\\/16\\\/paralysie-cerebrale-et-therapies-intensives\\\/\"]}]},{\"@type\":\"ImageObject\",\"inLanguage\":\"fr-FR\",\"@id\":\"https:\\\/\\\/www.lakptn.fr\\\/index.php\\\/2021\\\/12\\\/16\\\/paralysie-cerebrale-et-therapies-intensives\\\/#primaryimage\",\"url\":\"https:\\\/\\\/i0.wp.com\\\/www.lakptn.fr\\\/wp-content\\\/uploads\\\/2021\\\/12\\\/2021-12-15-Therapies-intensives.jpg?fit=1800%2C1267&ssl=1\",\"contentUrl\":\"https:\\\/\\\/i0.wp.com\\\/www.lakptn.fr\\\/wp-content\\\/uploads\\\/2021\\\/12\\\/2021-12-15-Therapies-intensives.jpg?fit=1800%2C1267&ssl=1\",\"width\":1800,\"height\":1267},{\"@type\":\"BreadcrumbList\",\"@id\":\"https:\\\/\\\/www.lakptn.fr\\\/index.php\\\/2021\\\/12\\\/16\\\/paralysie-cerebrale-et-therapies-intensives\\\/#breadcrumb\",\"itemListElement\":[{\"@type\":\"ListItem\",\"position\":1,\"name\":\"Accueil\",\"item\":\"https:\\\/\\\/www.lakptn.fr\\\/\"},{\"@type\":\"ListItem\",\"position\":2,\"name\":\"Rapport de Conf\u00e9rence &#8211; Paralysie C\u00e9r\u00e9brale et Th\u00e9rapies intensives\"}]},{\"@type\":\"WebSite\",\"@id\":\"https:\\\/\\\/www.lakptn.fr\\\/#website\",\"url\":\"https:\\\/\\\/www.lakptn.fr\\\/\",\"name\":\"\",\"description\":\"LAKPTN\",\"potentialAction\":[{\"@type\":\"SearchAction\",\"target\":{\"@type\":\"EntryPoint\",\"urlTemplate\":\"https:\\\/\\\/www.lakptn.fr\\\/?s={search_term_string}\"},\"query-input\":{\"@type\":\"PropertyValueSpecification\",\"valueRequired\":true,\"valueName\":\"search_term_string\"}}],\"inLanguage\":\"fr-FR\"},{\"@type\":\"Person\",\"@id\":\"https:\\\/\\\/www.lakptn.fr\\\/#\\\/schema\\\/person\\\/029996615745a6d09696b6caf8850188\",\"name\":\"Guillaume COLLET\",\"image\":{\"@type\":\"ImageObject\",\"inLanguage\":\"fr-FR\",\"@id\":\"https:\\\/\\\/secure.gravatar.com\\\/avatar\\\/07262236b5a609910ed6be586d72d85d19c583b739c0cda045af996f21b1c2f4?s=96&d=mm&r=g\",\"url\":\"https:\\\/\\\/secure.gravatar.com\\\/avatar\\\/07262236b5a609910ed6be586d72d85d19c583b739c0cda045af996f21b1c2f4?s=96&d=mm&r=g\",\"contentUrl\":\"https:\\\/\\\/secure.gravatar.com\\\/avatar\\\/07262236b5a609910ed6be586d72d85d19c583b739c0cda045af996f21b1c2f4?s=96&d=mm&r=g\",\"caption\":\"Guillaume COLLET\"},\"description\":\"Kin\u00e9sith\u00e9rapeute P\u00e9diatrique D.E. - Rouen\",\"sameAs\":[\"http:\\\/\\\/grainesdesoin.fr\\\/\"],\"url\":\"https:\\\/\\\/www.lakptn.fr\\\/index.php\\\/author\\\/guillaumecollet\\\/\"}]}<\/script>\n<!-- \/ Yoast SEO plugin. -->","yoast_head_json":{"title":"Rapport de Conf\u00e9rence - Paralysie C\u00e9r\u00e9brale et Th\u00e9rapies intensives -","robots":{"index":"index","follow":"follow","max-snippet":"max-snippet:-1","max-image-preview":"max-image-preview:large","max-video-preview":"max-video-preview:-1"},"canonical":"https:\/\/www.lakptn.fr\/index.php\/2021\/12\/16\/paralysie-cerebrale-et-therapies-intensives\/","og_locale":"fr_FR","og_type":"article","og_title":"Rapport de Conf\u00e9rence - Paralysie C\u00e9r\u00e9brale et Th\u00e9rapies intensives -","og_description":"Facebook-f Paralysie C\u00e9r\u00e9brale et Th\u00e9rapies intensives Enjeux des nouvelles approches r\u00e9\u00e9ducatives Pr\u00e9ambule Cette conf\u00e9rence a eu lieu le mercredi 15 d\u00e9cembre 2021, anim\u00e9e par Ga\u00ebl EVANNO, kin\u00e9sith\u00e9rapeute p\u00e9diatrique \u00e0 Caen et directeur adjoint du RSVA Normand. Nous vous proposons ici le replay ainsi qu&#8217;une synth\u00e8se \u00e9crite. Toute diffusion ou reproduction de cette pr\u00e9sentation ou de [&hellip;]","og_url":"https:\/\/www.lakptn.fr\/index.php\/2021\/12\/16\/paralysie-cerebrale-et-therapies-intensives\/","article_published_time":"2021-12-16T14:17:11+00:00","article_modified_time":"2022-10-17T15:01:22+00:00","og_image":[{"width":1800,"height":1267,"url":"https:\/\/www.lakptn.fr\/wp-content\/uploads\/2021\/12\/2021-12-15-Therapies-intensives.jpg","type":"image\/jpeg"}],"author":"Guillaume COLLET","twitter_card":"summary_large_image","twitter_misc":{"\u00c9crit par":"Guillaume COLLET","Dur\u00e9e de lecture estim\u00e9e":"13 minutes"},"schema":{"@context":"https:\/\/schema.org","@graph":[{"@type":"Article","@id":"https:\/\/www.lakptn.fr\/index.php\/2021\/12\/16\/paralysie-cerebrale-et-therapies-intensives\/#article","isPartOf":{"@id":"https:\/\/www.lakptn.fr\/index.php\/2021\/12\/16\/paralysie-cerebrale-et-therapies-intensives\/"},"author":{"name":"Guillaume COLLET","@id":"https:\/\/www.lakptn.fr\/#\/schema\/person\/029996615745a6d09696b6caf8850188"},"headline":"Rapport de Conf\u00e9rence &#8211; Paralysie C\u00e9r\u00e9brale et Th\u00e9rapies intensives","datePublished":"2021-12-16T14:17:11+00:00","dateModified":"2022-10-17T15:01:22+00:00","mainEntityOfPage":{"@id":"https:\/\/www.lakptn.fr\/index.php\/2021\/12\/16\/paralysie-cerebrale-et-therapies-intensives\/"},"wordCount":1942,"commentCount":0,"image":{"@id":"https:\/\/www.lakptn.fr\/index.php\/2021\/12\/16\/paralysie-cerebrale-et-therapies-intensives\/#primaryimage"},"thumbnailUrl":"https:\/\/i0.wp.com\/www.lakptn.fr\/wp-content\/uploads\/2021\/12\/2021-12-15-Therapies-intensives.jpg?fit=1800%2C1267&ssl=1","inLanguage":"fr-FR","potentialAction":[{"@type":"CommentAction","name":"Comment","target":["https:\/\/www.lakptn.fr\/index.php\/2021\/12\/16\/paralysie-cerebrale-et-therapies-intensives\/#respond"]}]},{"@type":"WebPage","@id":"https:\/\/www.lakptn.fr\/index.php\/2021\/12\/16\/paralysie-cerebrale-et-therapies-intensives\/","url":"https:\/\/www.lakptn.fr\/index.php\/2021\/12\/16\/paralysie-cerebrale-et-therapies-intensives\/","name":"Rapport de Conf\u00e9rence - Paralysie C\u00e9r\u00e9brale et Th\u00e9rapies intensives -","isPartOf":{"@id":"https:\/\/www.lakptn.fr\/#website"},"primaryImageOfPage":{"@id":"https:\/\/www.lakptn.fr\/index.php\/2021\/12\/16\/paralysie-cerebrale-et-therapies-intensives\/#primaryimage"},"image":{"@id":"https:\/\/www.lakptn.fr\/index.php\/2021\/12\/16\/paralysie-cerebrale-et-therapies-intensives\/#primaryimage"},"thumbnailUrl":"https:\/\/i0.wp.com\/www.lakptn.fr\/wp-content\/uploads\/2021\/12\/2021-12-15-Therapies-intensives.jpg?fit=1800%2C1267&ssl=1","datePublished":"2021-12-16T14:17:11+00:00","dateModified":"2022-10-17T15:01:22+00:00","author":{"@id":"https:\/\/www.lakptn.fr\/#\/schema\/person\/029996615745a6d09696b6caf8850188"},"breadcrumb":{"@id":"https:\/\/www.lakptn.fr\/index.php\/2021\/12\/16\/paralysie-cerebrale-et-therapies-intensives\/#breadcrumb"},"inLanguage":"fr-FR","potentialAction":[{"@type":"ReadAction","target":["https:\/\/www.lakptn.fr\/index.php\/2021\/12\/16\/paralysie-cerebrale-et-therapies-intensives\/"]}]},{"@type":"ImageObject","inLanguage":"fr-FR","@id":"https:\/\/www.lakptn.fr\/index.php\/2021\/12\/16\/paralysie-cerebrale-et-therapies-intensives\/#primaryimage","url":"https:\/\/i0.wp.com\/www.lakptn.fr\/wp-content\/uploads\/2021\/12\/2021-12-15-Therapies-intensives.jpg?fit=1800%2C1267&ssl=1","contentUrl":"https:\/\/i0.wp.com\/www.lakptn.fr\/wp-content\/uploads\/2021\/12\/2021-12-15-Therapies-intensives.jpg?fit=1800%2C1267&ssl=1","width":1800,"height":1267},{"@type":"BreadcrumbList","@id":"https:\/\/www.lakptn.fr\/index.php\/2021\/12\/16\/paralysie-cerebrale-et-therapies-intensives\/#breadcrumb","itemListElement":[{"@type":"ListItem","position":1,"name":"Accueil","item":"https:\/\/www.lakptn.fr\/"},{"@type":"ListItem","position":2,"name":"Rapport de Conf\u00e9rence &#8211; Paralysie C\u00e9r\u00e9brale et Th\u00e9rapies intensives"}]},{"@type":"WebSite","@id":"https:\/\/www.lakptn.fr\/#website","url":"https:\/\/www.lakptn.fr\/","name":"","description":"LAKPTN","potentialAction":[{"@type":"SearchAction","target":{"@type":"EntryPoint","urlTemplate":"https:\/\/www.lakptn.fr\/?s={search_term_string}"},"query-input":{"@type":"PropertyValueSpecification","valueRequired":true,"valueName":"search_term_string"}}],"inLanguage":"fr-FR"},{"@type":"Person","@id":"https:\/\/www.lakptn.fr\/#\/schema\/person\/029996615745a6d09696b6caf8850188","name":"Guillaume COLLET","image":{"@type":"ImageObject","inLanguage":"fr-FR","@id":"https:\/\/secure.gravatar.com\/avatar\/07262236b5a609910ed6be586d72d85d19c583b739c0cda045af996f21b1c2f4?s=96&d=mm&r=g","url":"https:\/\/secure.gravatar.com\/avatar\/07262236b5a609910ed6be586d72d85d19c583b739c0cda045af996f21b1c2f4?s=96&d=mm&r=g","contentUrl":"https:\/\/secure.gravatar.com\/avatar\/07262236b5a609910ed6be586d72d85d19c583b739c0cda045af996f21b1c2f4?s=96&d=mm&r=g","caption":"Guillaume COLLET"},"description":"Kin\u00e9sith\u00e9rapeute P\u00e9diatrique D.E. - Rouen","sameAs":["http:\/\/grainesdesoin.fr\/"],"url":"https:\/\/www.lakptn.fr\/index.php\/author\/guillaumecollet\/"}]}},"jetpack_publicize_connections":[],"jetpack_sharing_enabled":true,"jetpack_shortlink":"https:\/\/wp.me\/p9Oe4D-1H3","jetpack_featured_media_url":"https:\/\/i0.wp.com\/www.lakptn.fr\/wp-content\/uploads\/2021\/12\/2021-12-15-Therapies-intensives.jpg?fit=1800%2C1267&ssl=1","_links":{"self":[{"href":"https:\/\/www.lakptn.fr\/index.php\/wp-json\/wp\/v2\/posts\/6513","targetHints":{"allow":["GET"]}}],"collection":[{"href":"https:\/\/www.lakptn.fr\/index.php\/wp-json\/wp\/v2\/posts"}],"about":[{"href":"https:\/\/www.lakptn.fr\/index.php\/wp-json\/wp\/v2\/types\/post"}],"author":[{"embeddable":true,"href":"https:\/\/www.lakptn.fr\/index.php\/wp-json\/wp\/v2\/users\/2"}],"replies":[{"embeddable":true,"href":"https:\/\/www.lakptn.fr\/index.php\/wp-json\/wp\/v2\/comments?post=6513"}],"version-history":[{"count":31,"href":"https:\/\/www.lakptn.fr\/index.php\/wp-json\/wp\/v2\/posts\/6513\/revisions"}],"predecessor-version":[{"id":7461,"href":"https:\/\/www.lakptn.fr\/index.php\/wp-json\/wp\/v2\/posts\/6513\/revisions\/7461"}],"wp:featuredmedia":[{"embeddable":true,"href":"https:\/\/www.lakptn.fr\/index.php\/wp-json\/wp\/v2\/media\/6514"}],"wp:attachment":[{"href":"https:\/\/www.lakptn.fr\/index.php\/wp-json\/wp\/v2\/media?parent=6513"}],"wp:term":[{"taxonomy":"category","embeddable":true,"href":"https:\/\/www.lakptn.fr\/index.php\/wp-json\/wp\/v2\/categories?post=6513"},{"taxonomy":"post_tag","embeddable":true,"href":"https:\/\/www.lakptn.fr\/index.php\/wp-json\/wp\/v2\/tags?post=6513"}],"curies":[{"name":"wp","href":"https:\/\/api.w.org\/{rel}","templated":true}]}}